{"id":12719,"date":"2016-10-16T11:17:51","date_gmt":"2016-10-16T14:17:51","guid":{"rendered":"http:\/\/www.maisbn.com\/portal\/?p=12719"},"modified":"2016-10-16T11:17:51","modified_gmt":"2016-10-16T14:17:51","slug":"em-belmonte-a-disputa-agora-e-pela-presidencia-da-camara","status":"publish","type":"post","link":"https:\/\/www.maisbn.com\/portal\/2016\/10\/em-belmonte-a-disputa-agora-e-pela-presidencia-da-camara\/","title":{"rendered":"EM BELMONTE, A DISPUTA AGORA \u00c9 PELA PRESID\u00caNCIA DA C\u00c2MARA."},"content":{"rendered":"<p><a href=\"http:\/\/www.maisbn.com\/portal\/wp-content\/uploads\/2014\/12\/camara_belmonte.jpg\"><img loading=\"lazy\" decoding=\"async\" class=\"aligncenter size-full wp-image-6567\" src=\"http:\/\/www.maisbn.com\/portal\/wp-content\/uploads\/2014\/12\/camara_belmonte.jpg\" alt=\"camara_belmonte\" width=\"528\" height=\"277\" \/><\/a><\/p>\n<p><span style=\"color: #000000;\">Quem pensava que o clima pol\u00edtico em Belmonte iria arrefecer depois das elei\u00e7\u00f5es municipais, se enganou redondamente. O embate agora se desenha na escolha do novo presidente da C\u00e2mara de Vereadores da cidade: o advogado Iedo Elias, derrotado nas elei\u00e7\u00f5es para prefeito, articula para colocar no cargo o seu aliado Alfredo Abcerb, policial civil e vereador eleito.<\/span><\/p>\n<p><span style=\"color: #000000;\">Segundo os coment\u00e1rios do mundo pol\u00edtico belmontense, Iedo Elias n\u00e3o se conforma de ter perdido a disputa para J\u00e2nio Natal e ir\u00e1 lutar para eleger o Presidente da C\u00e2mara de Vereadores, como forma de se manter vivo politicamente na cidade, pois assim poder\u00e1 dificultar a administra\u00e7\u00e3o do futuro Prefeito, com rela\u00e7\u00e3o aos projetos do executivo que precisam passar pelo crivo dos Vereadores. <\/span><\/p>\n<p><span style=\"color: #000000;\">Na pr\u00e1tica, o ex-prefeito tenta montar uma arapuca pra J\u00e2nio. Se esse plano der certo, J\u00e2nio ter\u00e1 que negociar com ele, para conseguir o bom andamento desses projetos. Comenta-se na cidade que Iedo est\u00e1, inclusive, fazendo essa articula\u00e7\u00e3o para conseguir uma assessoria pol\u00edtica com J\u00e2nio e, se for preciso, poder\u00e1 at\u00e9 usar o seu poder econ\u00f4mico para tentar influir no voto dos Vereadores eleitos.<\/span><\/p>\n<p><span style=\"color: #000000;\">De acordo com os coment\u00e1rios, Alfredo diz, nas rodas pol\u00edticas, que \u00e9 o \u00fanico Vereador que tem forma\u00e7\u00e3o escolar e condi\u00e7\u00f5es de assumir o comando da C\u00e2mara, porque todos os outros eleitos s\u00e3o analfabetos. <\/span><\/p>\n<p><span style=\"color: #000000;\">Mas o nome de Alfredo n\u00e3o \u00e9 bem visto pela maioria de seus colegas de legislatura. Um futuro vereador, que pediu para o seu nome n\u00e3o ser citado, discorda que Alfredo seja o \u00fanico que re\u00fane condi\u00e7\u00f5es para ocupar a cadeira de presidente e afirma que existem outros nomes que t\u00eam forma\u00e7\u00e3o acad\u00eamica e discernimento pol\u00edtico para ocupar a presid\u00eancia da casa: \u201cTemos nomes muito melhores do que Alfredo, e eu sou um dos Vereadores que n\u00e3o deixar\u00e3o que a casa do povo se torne quintal de um grupo pol\u00edtico derrotado e rancoroso que n\u00e3o respeita a democracia.\u201d<\/span><br \/>\n<span style=\"color: #000000;\"> E o Vereador continua: &#8220;O policial Alfredo tem melhor forma\u00e7\u00e3o que os outros vereadores eleitos apenas como agente policial, que \u00e9 a sua forma\u00e7\u00e3o; quanto ao resto, todos os outros vereadores eleitos est\u00e3o em iguais condi\u00e7\u00f5es. Ali\u00e1s, \u00e9 bom que ele saiba que a sua vota\u00e7\u00e3o foi muito baixa, diante das condi\u00e7\u00f5es que ele teve na campanha. Como uma pessoa quer galgar o cargo de presidente, chamando seus colegas de analfabetos? Prova que ele n\u00e3o tem preparo para manter uma boa rela\u00e7\u00e3o com seus colegas!&#8221; <\/span><\/p>\n<p><span style=\"color: #000000;\">Os correligion\u00e1rios do Deputado J\u00e2nio Natal, em Belmonte, informam que ele j\u00e1 se articula para derrubar a investida do opositor pol\u00edtico. Acusam o advogado de estar querendo atrapalhar a administra\u00e7\u00e3o de J\u00e2nio e perseguir o futuro Prefeito, como fez com a atual prefeita, Alice Britto. \u201cEle n\u00e3o sabe perder e tenta controlar a cidade como se fosse um dos antigos coron\u00e9is do cacau, mas n\u00e3o vamos deixar que isso aconte\u00e7a. Vencemos Iedo e seu grupo nas urnas e venceremos de novo, na escolha do Presidente da C\u00e2mara!\u201d, afirmou um dos interessados na elei\u00e7\u00e3o do presidente da C\u00e2mara, abordado por nossa reportagem. <\/span><\/p>\n<p><span style=\"color: #000000;\">J\u00e2nio Natal n\u00e3o quis comentar sobre o caso; disse,\u00a0 apenas, que na hora oportuna se pronunciar\u00e1 sobre a quest\u00e3o.<\/span><\/p>\n","protected":false},"excerpt":{"rendered":"<p>Quem pensava que o clima pol\u00edtico em Belmonte iria arrefecer depois das elei\u00e7\u00f5es municipais, se enganou redondamente. O embate agora se desenha na escolha do novo presidente da C\u00e2mara de Vereadores da cidade: o advogado Iedo Elias, derrotado nas elei\u00e7\u00f5es para prefeito, articula para colocar no cargo o seu aliado Alfredo Abcerb, policial civil e [&hellip;]<\/p>\n","protected":false},"author":7,"featured_media":6567,"comment_status":"open","ping_status":"open","sticky":false,"template":"","format":"standard","meta":{"footnotes":""},"categories":[1,7],"tags":[108],"class_list":["post-12719","post","type-post","status-publish","format-standard","has-post-thumbnail","hentry","category-noticias","category-politica","tag-belmonte"],"_links":{"self":[{"href":"https:\/\/www.maisbn.com\/portal\/wp-json\/wp\/v2\/posts\/12719","targetHints":{"allow":["GET"]}}],"collection":[{"href":"https:\/\/www.maisbn.com\/portal\/wp-json\/wp\/v2\/posts"}],"about":[{"href":"https:\/\/www.maisbn.com\/portal\/wp-json\/wp\/v2\/types\/post"}],"author":[{"embeddable":true,"href":"https:\/\/www.maisbn.com\/portal\/wp-json\/wp\/v2\/users\/7"}],"replies":[{"embeddable":true,"href":"https:\/\/www.maisbn.com\/portal\/wp-json\/wp\/v2\/comments?post=12719"}],"version-history":[{"count":1,"href":"https:\/\/www.maisbn.com\/portal\/wp-json\/wp\/v2\/posts\/12719\/revisions"}],"predecessor-version":[{"id":12720,"href":"https:\/\/www.maisbn.com\/portal\/wp-json\/wp\/v2\/posts\/12719\/revisions\/12720"}],"wp:featuredmedia":[{"embeddable":true,"href":"https:\/\/www.maisbn.com\/portal\/wp-json\/wp\/v2\/media\/6567"}],"wp:attachment":[{"href":"https:\/\/www.maisbn.com\/portal\/wp-json\/wp\/v2\/media?parent=12719"}],"wp:term":[{"taxonomy":"category","embeddable":true,"href":"https:\/\/www.maisbn.com\/portal\/wp-json\/wp\/v2\/categories?post=12719"},{"taxonomy":"post_tag","embeddable":true,"href":"https:\/\/www.maisbn.com\/portal\/wp-json\/wp\/v2\/tags?post=12719"}],"curies":[{"name":"wp","href":"https:\/\/api.w.org\/{rel}","templated":true}]}}