{"id":12682,"date":"2016-10-11T09:48:11","date_gmt":"2016-10-11T12:48:11","guid":{"rendered":"http:\/\/www.maisbn.com\/portal\/?p=12682"},"modified":"2016-10-11T09:48:11","modified_gmt":"2016-10-11T12:48:11","slug":"veracel-celulose-divulga-edital-para-contratacao-viveirista-florestal-sao-50-vagas","status":"publish","type":"post","link":"https:\/\/www.maisbn.com\/portal\/2016\/10\/veracel-celulose-divulga-edital-para-contratacao-viveirista-florestal-sao-50-vagas\/","title":{"rendered":"Veracel Celulose divulga edital para contrata\u00e7\u00e3o Viveirista Florestal \u2013 S\u00e3o 50 vagas!"},"content":{"rendered":"<p><a href=\"http:\/\/www.maisbn.com\/portal\/wp-content\/uploads\/2016\/07\/1467654800Veracel-Fabrica-1-700x466.jpg\"><img loading=\"lazy\" decoding=\"async\" class=\"aligncenter size-full wp-image-11469\" src=\"http:\/\/www.maisbn.com\/portal\/wp-content\/uploads\/2016\/07\/1467654800Veracel-Fabrica-1-700x466.jpg\" alt=\"1467654800Veracel-Fabrica-1-700x466\" width=\"700\" height=\"466\" \/><\/a><\/p>\n<p><span style=\"color: #000000;\">Para se candidatar \u00e0 vaga, \u00e9 necess\u00e1rio possuir o Ensino Fundamental I completo (antiga 1\u00aa a 4\u00aa s\u00e9rie) e viv\u00eancia comprovada em atividades rurais.<\/span><\/p>\n<p><span style=\"color: #000000;\">Os interessados nas vagas divulgadas devem cadastrar curr\u00edculo at\u00e9 o dia <strong>19\/10\/2016<\/strong>, acessando o site<\/span> <a href=\"http:\/\/www.veracel.com.br\" data-saferedirecturl=\"https:\/\/www.google.com\/url?hl=pt-BR&amp;q=http:\/\/www.veracel.com.br&amp;source=gmail&amp;ust=1476276308289000&amp;usg=AFQjCNG3QPK5TH46qDqDg9N-9cKNoEsgEw\">www.veracel.com.br<\/a>. <span style=\"color: #000000;\">Localize a op\u00e7\u00e3o Trabalhe Conosco \u2013&gt; Clique em Conhe\u00e7a as nossas vagas \u2013 Clique no t\u00edtulo da vaga para ter acesso \u00e0s informa\u00e7\u00f5es detalhadas e como candidatar-se \u2013 Depois, clique em Candidatura. A candidatura \u00e0 vaga s\u00f3 \u00e9 poss\u00edvel ap\u00f3s o cadastro das informa\u00e7\u00f5es no site.<\/span><\/p>\n<p><span style=\"color: #000000;\">Toda a comunica\u00e7\u00e3o com os candidatos ser\u00e1 realizada por meio do endere\u00e7o eletr\u00f4nico utilizado para cadastro do curr\u00edculo no site da Veracel.<\/span><\/p>\n","protected":false},"excerpt":{"rendered":"<p>Para se candidatar \u00e0 vaga, \u00e9 necess\u00e1rio possuir o Ensino Fundamental I completo (antiga 1\u00aa a 4\u00aa s\u00e9rie) e viv\u00eancia comprovada em atividades rurais. Os interessados nas vagas divulgadas devem cadastrar curr\u00edculo at\u00e9 o dia 19\/10\/2016, acessando o site www.veracel.com.br. Localize a op\u00e7\u00e3o Trabalhe Conosco \u2013&gt; Clique em Conhe\u00e7a as nossas vagas \u2013 Clique no [&hellip;]<\/p>\n","protected":false},"author":7,"featured_media":11469,"comment_status":"open","ping_status":"open","sticky":false,"template":"","format":"standard","meta":{"footnotes":""},"categories":[9,1],"tags":[108],"class_list":["post-12682","post","type-post","status-publish","format-standard","has-post-thumbnail","hentry","category-concursos-oportunidades","category-noticias","tag-belmonte"],"_links":{"self":[{"href":"https:\/\/www.maisbn.com\/portal\/wp-json\/wp\/v2\/posts\/12682","targetHints":{"allow":["GET"]}}],"collection":[{"href":"https:\/\/www.maisbn.com\/portal\/wp-json\/wp\/v2\/posts"}],"about":[{"href":"https:\/\/www.maisbn.com\/portal\/wp-json\/wp\/v2\/types\/post"}],"author":[{"embeddable":true,"href":"https:\/\/www.maisbn.com\/portal\/wp-json\/wp\/v2\/users\/7"}],"replies":[{"embeddable":true,"href":"https:\/\/www.maisbn.com\/portal\/wp-json\/wp\/v2\/comments?post=12682"}],"version-history":[{"count":1,"href":"https:\/\/www.maisbn.com\/portal\/wp-json\/wp\/v2\/posts\/12682\/revisions"}],"predecessor-version":[{"id":12683,"href":"https:\/\/www.maisbn.com\/portal\/wp-json\/wp\/v2\/posts\/12682\/revisions\/12683"}],"wp:featuredmedia":[{"embeddable":true,"href":"https:\/\/www.maisbn.com\/portal\/wp-json\/wp\/v2\/media\/11469"}],"wp:attachment":[{"href":"https:\/\/www.maisbn.com\/portal\/wp-json\/wp\/v2\/media?parent=12682"}],"wp:term":[{"taxonomy":"category","embeddable":true,"href":"https:\/\/www.maisbn.com\/portal\/wp-json\/wp\/v2\/categories?post=12682"},{"taxonomy":"post_tag","embeddable":true,"href":"https:\/\/www.maisbn.com\/portal\/wp-json\/wp\/v2\/tags?post=12682"}],"curies":[{"name":"wp","href":"https:\/\/api.w.org\/{rel}","templated":true}]}}