{"id":12654,"date":"2016-10-05T23:25:09","date_gmt":"2016-10-06T02:25:09","guid":{"rendered":"http:\/\/www.maisbn.com\/portal\/?p=12654"},"modified":"2016-10-05T23:25:09","modified_gmt":"2016-10-06T02:25:09","slug":"janio-natal-deve-continuar-deputado-e-deixar-os-comandos-da-cidade-nas-maos-de-janival","status":"publish","type":"post","link":"https:\/\/www.maisbn.com\/portal\/2016\/10\/janio-natal-deve-continuar-deputado-e-deixar-os-comandos-da-cidade-nas-maos-de-janival\/","title":{"rendered":"J\u00e2nio Natal deve continuar Deputado e deixar os comandos da cidade nas m\u00e3os de Janival."},"content":{"rendered":"<p><a href=\"http:\/\/www.maisbn.com\/portal\/wp-content\/uploads\/2016\/10\/janioNatal.jpg\"><img loading=\"lazy\" decoding=\"async\" class=\"aligncenter size-full wp-image-12615\" src=\"http:\/\/www.maisbn.com\/portal\/wp-content\/uploads\/2016\/10\/janioNatal.jpg\" alt=\"janionatal\" width=\"528\" height=\"318\" \/><\/a><\/p>\n<p><span style=\"color: #000000;\">Uma not\u00edcia que foi publicada por diversos sites e jornais baianos est\u00e1 intrigando os belmontenses que elegeram no \u00faltimo domingo (02\/10) o Deputado Estadual J\u00e2nio Natal como o pr\u00f3ximo prefeito que assumir\u00e1 os comandos de Belmonte a partir do dia 1\u00ba de Janeiro.<\/span><\/p>\n<p><span style=\"color: #000000;\">A not\u00edcia, que foi veiculada pela Coluna Raio Laser, da Tribuna da Bahia, informa que h\u00e1 conversas nos bastidores pol\u00edticos de que o Deputado Estadual n\u00e3o ir\u00e1 assumir o cargo de prefeito de Belmonte e que dever\u00e1 deixar nos comandos da cidade o agricultor Janival Andrade, seu vice. As informa\u00e7\u00f5es constam que o Deputado est\u00e1 sendo pressionado pelos prefeitos eleitos que o mesmo apoiou nessas elei\u00e7\u00f5es, j\u00e1 que, eles ficariam sem uma lideran\u00e7a pol\u00edtica dentro da Assembleia Legislativa.<\/span><\/p>\n<p><span style=\"color: #000000;\">J\u00e2nio Natal, Janival e nem o seu grupo comentaram o fato, mas pessoas ligadas ao mundo pol\u00edtico belmontense comentam que a cidade ganhar\u00e1 muito com a troca, j\u00e1 que, consideram a grande vis\u00e3o administrativa de Janival Andrade que seria potencializada com a atua\u00e7\u00e3o e desenvoltura pol\u00edtica do Deputado Estadual J\u00e2nio Natal na Assembleia Legislativa.<\/span><\/p>\n<p>&nbsp;<\/p>\n","protected":false},"excerpt":{"rendered":"<p>Uma not\u00edcia que foi publicada por diversos sites e jornais baianos est\u00e1 intrigando os belmontenses que elegeram no \u00faltimo domingo (02\/10) o Deputado Estadual J\u00e2nio Natal como o pr\u00f3ximo prefeito que assumir\u00e1 os comandos de Belmonte a partir do dia 1\u00ba de Janeiro. A not\u00edcia, que foi veiculada pela Coluna Raio Laser, da Tribuna da [&hellip;]<\/p>\n","protected":false},"author":7,"featured_media":12615,"comment_status":"open","ping_status":"open","sticky":false,"template":"","format":"standard","meta":{"footnotes":""},"categories":[1,7],"tags":[108],"class_list":["post-12654","post","type-post","status-publish","format-standard","has-post-thumbnail","hentry","category-noticias","category-politica","tag-belmonte"],"_links":{"self":[{"href":"https:\/\/www.maisbn.com\/portal\/wp-json\/wp\/v2\/posts\/12654","targetHints":{"allow":["GET"]}}],"collection":[{"href":"https:\/\/www.maisbn.com\/portal\/wp-json\/wp\/v2\/posts"}],"about":[{"href":"https:\/\/www.maisbn.com\/portal\/wp-json\/wp\/v2\/types\/post"}],"author":[{"embeddable":true,"href":"https:\/\/www.maisbn.com\/portal\/wp-json\/wp\/v2\/users\/7"}],"replies":[{"embeddable":true,"href":"https:\/\/www.maisbn.com\/portal\/wp-json\/wp\/v2\/comments?post=12654"}],"version-history":[{"count":1,"href":"https:\/\/www.maisbn.com\/portal\/wp-json\/wp\/v2\/posts\/12654\/revisions"}],"predecessor-version":[{"id":12655,"href":"https:\/\/www.maisbn.com\/portal\/wp-json\/wp\/v2\/posts\/12654\/revisions\/12655"}],"wp:featuredmedia":[{"embeddable":true,"href":"https:\/\/www.maisbn.com\/portal\/wp-json\/wp\/v2\/media\/12615"}],"wp:attachment":[{"href":"https:\/\/www.maisbn.com\/portal\/wp-json\/wp\/v2\/media?parent=12654"}],"wp:term":[{"taxonomy":"category","embeddable":true,"href":"https:\/\/www.maisbn.com\/portal\/wp-json\/wp\/v2\/categories?post=12654"},{"taxonomy":"post_tag","embeddable":true,"href":"https:\/\/www.maisbn.com\/portal\/wp-json\/wp\/v2\/tags?post=12654"}],"curies":[{"name":"wp","href":"https:\/\/api.w.org\/{rel}","templated":true}]}}