{"id":12652,"date":"2016-10-05T22:47:49","date_gmt":"2016-10-06T01:47:49","guid":{"rendered":"http:\/\/www.maisbn.com\/portal\/?p=12652"},"modified":"2016-10-10T13:00:09","modified_gmt":"2016-10-10T16:00:09","slug":"prefeita-alice-britto-comeca-a-preparar-o-municipio-para-a-transicao-de-governo","status":"publish","type":"post","link":"https:\/\/www.maisbn.com\/portal\/2016\/10\/prefeita-alice-britto-comeca-a-preparar-o-municipio-para-a-transicao-de-governo\/","title":{"rendered":"Prefeita Alice Britto come\u00e7a a preparar o munic\u00edpio para a transi\u00e7\u00e3o de governo."},"content":{"rendered":"<p><a href=\"http:\/\/www.maisbn.com\/portal\/wp-content\/uploads\/2015\/07\/prefeitura_de_belmonteatual.jpg\"><img loading=\"lazy\" decoding=\"async\" class=\"aligncenter size-full wp-image-8118\" src=\"http:\/\/www.maisbn.com\/portal\/wp-content\/uploads\/2015\/07\/prefeitura_de_belmonteatual.jpg\" alt=\"prefeitura_de_belmonteatual\" width=\"552\" height=\"310\" \/><\/a><\/p>\n<p><span style=\"color: #000000;\">A Prefeita Alice Britto come\u00e7ou nessa semana as opera\u00e7\u00f5es financeiras para quitar as d\u00edvidas do munic\u00edpio e arrumar a administra\u00e7\u00e3o para o pr\u00f3ximo gestor que assumir\u00e1 os comandos da cidade no pr\u00f3ximo dia 1\u00ba de Janeiro.<\/span><\/p>\n<p><span style=\"color: #000000;\">A primeira a\u00e7\u00e3o tomada foi adequar a folha de pagamento de funcion\u00e1rios ao limite legal de 54% da Receita Corrente L\u00edquida do Munic\u00edpio. Para se chegar a esse objetivo a Prefeitura de Belmonte demitiu nessa quarta-feira (05\/10) 372 funcion\u00e1rios contratados em Regime Especial de Direito Administrativo (REDA). A Prefeitura tamb\u00e9m rescindiu v\u00e1rios contratos de presta\u00e7\u00e3o de servi\u00e7os ficando apenas os servi\u00e7os essenciais para o funcionamento dos servi\u00e7os p\u00fablicos. V\u00e1rios fornecedores tamb\u00e9m tiveram os seus contratos de fornecimento cancelados.<\/span><\/p>\n<p><span style=\"color: #000000;\">A Prefeitura de Belmonte informou que as medidas visam sanar os d\u00e9bitos da gest\u00e3o que pretende zerar as suas dividas at\u00e9 o m\u00eas de novembro atendendo \u00e0s exig\u00eancias da Lei de Responsabilidade Fiscal e as resolu\u00e7\u00f5es do pr\u00f3prio Tribunal de Contas dos Munic\u00edpios. O setor de finan\u00e7as informou que as medidas s\u00e3o necess\u00e1rias para que a gest\u00e3o atual equilibre as contas e pague a todos os seus credores ainda no exerc\u00edcio desse ano. O setor ainda informou que j\u00e1 est\u00e1 preparando os relat\u00f3rios e que nos pr\u00f3ximos dias estar\u00e1 sentando com a equipe de transi\u00e7\u00e3o do pr\u00f3ximo governo para transmitir as informa\u00e7\u00f5es necess\u00e1rias exigidas pelo pr\u00f3ximo prefeito.<\/span><\/p>\n<p><span style=\"color: #000000;\">V\u00e1rios munic\u00edpios, nos quais os prefeitos atuais n\u00e3o foram reeleitos, tamb\u00e9m est\u00e3o tomando as provid\u00eancias necess\u00e1rias para arrumar a casa. Os munic\u00edpios de Santa Cruz Cabr\u00e1lia e Eun\u00e1polis tamb\u00e9m est\u00e3o eliminando os funcion\u00e1rios contratados, contratos de presta\u00e7\u00e3o de servi\u00e7o e contratos de fornecimento.<\/span><\/p>\n<p><span style=\"color: #000000;\">A Prefeitura ainda informou que os servi\u00e7os essenciais \u00e0 popula\u00e7\u00e3o n\u00e3o ser\u00e3o afetados, j\u00e1 que, a mesma ir\u00e1 estar pondo em pr\u00e1tica medidas para um melhor aproveitamento dos funcion\u00e1rios efetivos.<\/span><\/p>\n","protected":false},"excerpt":{"rendered":"<p>A Prefeita Alice Britto come\u00e7ou nessa semana as opera\u00e7\u00f5es financeiras para quitar as d\u00edvidas do munic\u00edpio e arrumar a administra\u00e7\u00e3o para o pr\u00f3ximo gestor que assumir\u00e1 os comandos da cidade no pr\u00f3ximo dia 1\u00ba de Janeiro. A primeira a\u00e7\u00e3o tomada foi adequar a folha de pagamento de funcion\u00e1rios ao limite legal de 54% da Receita [&hellip;]<\/p>\n","protected":false},"author":7,"featured_media":8118,"comment_status":"open","ping_status":"open","sticky":false,"template":"","format":"standard","meta":{"footnotes":""},"categories":[45,1],"tags":[108],"class_list":["post-12652","post","type-post","status-publish","format-standard","has-post-thumbnail","hentry","category-cidades","category-noticias","tag-belmonte"],"_links":{"self":[{"href":"https:\/\/www.maisbn.com\/portal\/wp-json\/wp\/v2\/posts\/12652","targetHints":{"allow":["GET"]}}],"collection":[{"href":"https:\/\/www.maisbn.com\/portal\/wp-json\/wp\/v2\/posts"}],"about":[{"href":"https:\/\/www.maisbn.com\/portal\/wp-json\/wp\/v2\/types\/post"}],"author":[{"embeddable":true,"href":"https:\/\/www.maisbn.com\/portal\/wp-json\/wp\/v2\/users\/7"}],"replies":[{"embeddable":true,"href":"https:\/\/www.maisbn.com\/portal\/wp-json\/wp\/v2\/comments?post=12652"}],"version-history":[{"count":1,"href":"https:\/\/www.maisbn.com\/portal\/wp-json\/wp\/v2\/posts\/12652\/revisions"}],"predecessor-version":[{"id":12653,"href":"https:\/\/www.maisbn.com\/portal\/wp-json\/wp\/v2\/posts\/12652\/revisions\/12653"}],"wp:featuredmedia":[{"embeddable":true,"href":"https:\/\/www.maisbn.com\/portal\/wp-json\/wp\/v2\/media\/8118"}],"wp:attachment":[{"href":"https:\/\/www.maisbn.com\/portal\/wp-json\/wp\/v2\/media?parent=12652"}],"wp:term":[{"taxonomy":"category","embeddable":true,"href":"https:\/\/www.maisbn.com\/portal\/wp-json\/wp\/v2\/categories?post=12652"},{"taxonomy":"post_tag","embeddable":true,"href":"https:\/\/www.maisbn.com\/portal\/wp-json\/wp\/v2\/tags?post=12652"}],"curies":[{"name":"wp","href":"https:\/\/api.w.org\/{rel}","templated":true}]}}