{"id":12634,"date":"2016-10-04T18:04:36","date_gmt":"2016-10-04T21:04:36","guid":{"rendered":"http:\/\/www.maisbn.com\/portal\/?p=12634"},"modified":"2016-10-04T18:08:45","modified_gmt":"2016-10-04T21:08:45","slug":"grande-passeata-marca-a-comemoracao-da-vitoria-de-janio-natal-em-belmonte","status":"publish","type":"post","link":"https:\/\/www.maisbn.com\/portal\/2016\/10\/grande-passeata-marca-a-comemoracao-da-vitoria-de-janio-natal-em-belmonte\/","title":{"rendered":"Grande passeata marca a comemora\u00e7\u00e3o da vit\u00f3ria de J\u00e2nio Natal em Belmonte."},"content":{"rendered":"<p><span style=\"color: #000000;\"><a style=\"color: #000000;\" href=\"http:\/\/www.maisbn.com\/portal\/wp-content\/uploads\/2016\/10\/passeatadavitoria_00047.jpg\"><img loading=\"lazy\" decoding=\"async\" class=\"aligncenter size-full wp-image-12635\" src=\"http:\/\/www.maisbn.com\/portal\/wp-content\/uploads\/2016\/10\/passeatadavitoria_00047.jpg\" alt=\"passeatadavitoria_00047\" width=\"650\" height=\"412\" \/><\/a><\/span><\/p>\n<p><span style=\"color: #000000;\">Um grande n\u00famero de pessoas saiu \u00e0s ruas nessa segunda-feira (03\/10) para comemorar a vit\u00f3ria do Grupo 19, grupo pol\u00edtico que tinha como candidato a prefeito J\u00e2nio Natal e Janival, seu vice. O evento aconteceu no final da tarde onde uma multid\u00e3o se reuniu na porta da resid\u00eancia que serviu de comit\u00ea para a coliga\u00e7\u00e3o vencedora. Depois da concentra\u00e7\u00e3o e ao som de carros de som, a multid\u00e3o saiu pelas ruas da cidade comemorando a vit\u00f3ria e entoando a m\u00fasica &#8220;Marreta do 19&#8221; que virou o hit da vit\u00f3ria logo ap\u00f3s a divulga\u00e7\u00e3o dos resultados.<\/span><\/p>\n<p><span style=\"color: #000000;\"><a style=\"color: #000000;\" href=\"http:\/\/www.maisbn.com\/portal\/wp-content\/uploads\/2016\/10\/caminhadadavitoria00001.jpg\"><img loading=\"lazy\" decoding=\"async\" class=\"aligncenter size-full wp-image-12636\" src=\"http:\/\/www.maisbn.com\/portal\/wp-content\/uploads\/2016\/10\/caminhadadavitoria00001.jpg\" alt=\"caminhadadavitoria00001\" width=\"650\" height=\"412\" \/><\/a><\/span><\/p>\n<p><span style=\"color: #000000;\">O prefeito eleito J\u00e2nio Natal n\u00e3o participou do evento. Os organizadores informaram que essa caminhada n\u00e3o estava na programa\u00e7\u00e3o e o Deputado ficou doente logo ap\u00f3s a comemora\u00e7\u00e3o do resultado no domingo (04\/10). Janival participou da caminhada, mas n\u00e3o conseguiu chegar at\u00e9 o final por estar com um forte resfriado e apresentar quadro de febre e dor de cabe\u00e7a.<\/span><\/p>\n<p><span style=\"color: #000000;\"><a style=\"color: #000000;\" href=\"http:\/\/www.maisbn.com\/portal\/wp-content\/uploads\/2016\/10\/mosaico_passeatavitoria.jpg\"><img loading=\"lazy\" decoding=\"async\" class=\"aligncenter size-full wp-image-12637\" src=\"http:\/\/www.maisbn.com\/portal\/wp-content\/uploads\/2016\/10\/mosaico_passeatavitoria.jpg\" alt=\"mosaico_passeatavitoria\" width=\"700\" height=\"450\" \/><\/a><\/span><\/p>\n<p><span style=\"color: #000000;\">Mesmo sem os eleitos a passeata prosseguiu arrastando uma multid\u00e3o pelas ruas da cidade. Apesar do grande n\u00famero de gente n\u00e3o foram registradas ocorr\u00eancias violentas e os vencedores souberam se comportar e respeitar os advers\u00e1rios.<\/span><\/p>\n","protected":false},"excerpt":{"rendered":"<p>Um grande n\u00famero de pessoas saiu \u00e0s ruas nessa segunda-feira (03\/10) para comemorar a vit\u00f3ria do Grupo 19, grupo pol\u00edtico que tinha como candidato a prefeito J\u00e2nio Natal e Janival, seu vice. O evento aconteceu no final da tarde onde uma multid\u00e3o se reuniu na porta da resid\u00eancia que serviu de comit\u00ea para a coliga\u00e7\u00e3o [&hellip;]<\/p>\n","protected":false},"author":7,"featured_media":12635,"comment_status":"open","ping_status":"open","sticky":false,"template":"","format":"standard","meta":{"footnotes":""},"categories":[1,7],"tags":[108],"class_list":["post-12634","post","type-post","status-publish","format-standard","has-post-thumbnail","hentry","category-noticias","category-politica","tag-belmonte"],"_links":{"self":[{"href":"https:\/\/www.maisbn.com\/portal\/wp-json\/wp\/v2\/posts\/12634","targetHints":{"allow":["GET"]}}],"collection":[{"href":"https:\/\/www.maisbn.com\/portal\/wp-json\/wp\/v2\/posts"}],"about":[{"href":"https:\/\/www.maisbn.com\/portal\/wp-json\/wp\/v2\/types\/post"}],"author":[{"embeddable":true,"href":"https:\/\/www.maisbn.com\/portal\/wp-json\/wp\/v2\/users\/7"}],"replies":[{"embeddable":true,"href":"https:\/\/www.maisbn.com\/portal\/wp-json\/wp\/v2\/comments?post=12634"}],"version-history":[{"count":2,"href":"https:\/\/www.maisbn.com\/portal\/wp-json\/wp\/v2\/posts\/12634\/revisions"}],"predecessor-version":[{"id":12639,"href":"https:\/\/www.maisbn.com\/portal\/wp-json\/wp\/v2\/posts\/12634\/revisions\/12639"}],"wp:featuredmedia":[{"embeddable":true,"href":"https:\/\/www.maisbn.com\/portal\/wp-json\/wp\/v2\/media\/12635"}],"wp:attachment":[{"href":"https:\/\/www.maisbn.com\/portal\/wp-json\/wp\/v2\/media?parent=12634"}],"wp:term":[{"taxonomy":"category","embeddable":true,"href":"https:\/\/www.maisbn.com\/portal\/wp-json\/wp\/v2\/categories?post=12634"},{"taxonomy":"post_tag","embeddable":true,"href":"https:\/\/www.maisbn.com\/portal\/wp-json\/wp\/v2\/tags?post=12634"}],"curies":[{"name":"wp","href":"https:\/\/api.w.org\/{rel}","templated":true}]}}