{"id":12598,"date":"2016-10-01T16:31:21","date_gmt":"2016-10-01T19:31:21","guid":{"rendered":"http:\/\/www.maisbn.com\/portal\/?p=12598"},"modified":"2016-10-01T16:31:21","modified_gmt":"2016-10-01T19:31:21","slug":"grupo-politico-do-candidato-iedo-elias-realiza-ultima-passeata-na-sede-do-municipio-de-belmonte","status":"publish","type":"post","link":"https:\/\/www.maisbn.com\/portal\/2016\/10\/grupo-politico-do-candidato-iedo-elias-realiza-ultima-passeata-na-sede-do-municipio-de-belmonte\/","title":{"rendered":"Grupo pol\u00edtico do candidato I\u00eado Elias realiza \u00faltima passeata na sede do munic\u00edpio de Belmonte."},"content":{"rendered":"<p><span style=\"color: #000000;\"><a style=\"color: #000000;\" href=\"http:\/\/www.maisbn.com\/portal\/wp-content\/uploads\/2016\/10\/ultimapasseatadeiedo_00093.jpg\"><img loading=\"lazy\" decoding=\"async\" class=\"aligncenter size-full wp-image-12600\" src=\"http:\/\/www.maisbn.com\/portal\/wp-content\/uploads\/2016\/10\/ultimapasseatadeiedo_00093.jpg\" alt=\"ultimapasseatadeiedo_00093\" width=\"650\" height=\"412\" \/><\/a><\/span><\/p>\n<p><span style=\"color: #000000;\">Aconteceu no final da tarde desta sexta-feira (30\/09) a \u00faltima passeata na sede do munic\u00edpio de Belmonte promovida pelo ex-prefeito e candidato a Prefeito I\u00eado Elias. O candidato foi acompanhado pelos seu vice Flavielle de S\u00e1, candidatos a vereador, correligion\u00e1rios e apoiadores.<\/span><\/p>\n<p><span style=\"color: #000000;\"><a style=\"color: #000000;\" href=\"http:\/\/www.maisbn.com\/portal\/wp-content\/uploads\/2016\/10\/ultimapasseatadeiedo_00053.jpg\"><img loading=\"lazy\" decoding=\"async\" class=\"aligncenter size-full wp-image-12599\" src=\"http:\/\/www.maisbn.com\/portal\/wp-content\/uploads\/2016\/10\/ultimapasseatadeiedo_00053.jpg\" alt=\"ultimapasseatadeiedo_00053\" width=\"650\" height=\"412\" \/><\/a><\/span><\/p>\n<p><span style=\"color: #000000;\">A passeata saiu do comit\u00ea pol\u00edtico do candidato, passou por diversas ruas e se concentrou no centro da cidade com carros de som entoando jingles de campanha. <\/span><\/p>\n<p><span style=\"color: #000000;\"><a style=\"color: #000000;\" href=\"http:\/\/www.maisbn.com\/portal\/wp-content\/uploads\/2016\/10\/ultimapasseatadeiedo_00101.jpg\"><img loading=\"lazy\" decoding=\"async\" class=\"aligncenter size-full wp-image-12601\" src=\"http:\/\/www.maisbn.com\/portal\/wp-content\/uploads\/2016\/10\/ultimapasseatadeiedo_00101.jpg\" alt=\"ultimapasseatadeiedo_00101\" width=\"650\" height=\"412\" \/><\/a><\/span><\/p>\n<p><span style=\"color: #000000;\">Os organizadores do evento consideraram a passeata um sucesso e comentaram que est\u00e3o confiantes\u00a0 na vit\u00f3ria do ex-gestor. Os mesmos ainda informaram que equipes est\u00e3o fazendo visitas nas casas para divulgar o nome de I\u00eado Elias e pedir votos. O \u00faltimo evento do grupo pol\u00edtico de I\u00eado Elias est\u00e1 previsto para acontecer \u00e0s 16:00Hrs em Barrol\u00e2ndia onde o ex-gestor deve encerrar a sua campanha.<\/span><\/p>\n","protected":false},"excerpt":{"rendered":"<p>Aconteceu no final da tarde desta sexta-feira (30\/09) a \u00faltima passeata na sede do munic\u00edpio de Belmonte promovida pelo ex-prefeito e candidato a Prefeito I\u00eado Elias. O candidato foi acompanhado pelos seu vice Flavielle de S\u00e1, candidatos a vereador, correligion\u00e1rios e apoiadores. A passeata saiu do comit\u00ea pol\u00edtico do candidato, passou por diversas ruas e [&hellip;]<\/p>\n","protected":false},"author":7,"featured_media":12601,"comment_status":"open","ping_status":"open","sticky":false,"template":"","format":"standard","meta":{"footnotes":""},"categories":[1,7],"tags":[108],"class_list":["post-12598","post","type-post","status-publish","format-standard","has-post-thumbnail","hentry","category-noticias","category-politica","tag-belmonte"],"_links":{"self":[{"href":"https:\/\/www.maisbn.com\/portal\/wp-json\/wp\/v2\/posts\/12598","targetHints":{"allow":["GET"]}}],"collection":[{"href":"https:\/\/www.maisbn.com\/portal\/wp-json\/wp\/v2\/posts"}],"about":[{"href":"https:\/\/www.maisbn.com\/portal\/wp-json\/wp\/v2\/types\/post"}],"author":[{"embeddable":true,"href":"https:\/\/www.maisbn.com\/portal\/wp-json\/wp\/v2\/users\/7"}],"replies":[{"embeddable":true,"href":"https:\/\/www.maisbn.com\/portal\/wp-json\/wp\/v2\/comments?post=12598"}],"version-history":[{"count":1,"href":"https:\/\/www.maisbn.com\/portal\/wp-json\/wp\/v2\/posts\/12598\/revisions"}],"predecessor-version":[{"id":12602,"href":"https:\/\/www.maisbn.com\/portal\/wp-json\/wp\/v2\/posts\/12598\/revisions\/12602"}],"wp:featuredmedia":[{"embeddable":true,"href":"https:\/\/www.maisbn.com\/portal\/wp-json\/wp\/v2\/media\/12601"}],"wp:attachment":[{"href":"https:\/\/www.maisbn.com\/portal\/wp-json\/wp\/v2\/media?parent=12598"}],"wp:term":[{"taxonomy":"category","embeddable":true,"href":"https:\/\/www.maisbn.com\/portal\/wp-json\/wp\/v2\/categories?post=12598"},{"taxonomy":"post_tag","embeddable":true,"href":"https:\/\/www.maisbn.com\/portal\/wp-json\/wp\/v2\/tags?post=12598"}],"curies":[{"name":"wp","href":"https:\/\/api.w.org\/{rel}","templated":true}]}}