{"id":12587,"date":"2016-09-30T16:00:31","date_gmt":"2016-09-30T19:00:31","guid":{"rendered":"http:\/\/www.maisbn.com\/portal\/?p=12587"},"modified":"2016-09-30T16:00:31","modified_gmt":"2016-09-30T19:00:31","slug":"janio-natal-discursa-para-um-grande-numero-de-pessoas-em-seu-ultimo-comicio-nessas-eleicoes","status":"publish","type":"post","link":"https:\/\/www.maisbn.com\/portal\/2016\/09\/janio-natal-discursa-para-um-grande-numero-de-pessoas-em-seu-ultimo-comicio-nessas-eleicoes\/","title":{"rendered":"J\u00e2nio Natal discursa para um grande n\u00famero de pessoas em seu \u00faltimo com\u00edcio nessas elei\u00e7\u00f5es."},"content":{"rendered":"<p><span style=\"color: #000000;\">Nessa quinta-feira (29\/09) quem tamb\u00e9m encerrou a maratona de com\u00edcios foi o Deputado Estadual e candidato a Prefeito J\u00e2nio Natal e seu vice Janival Andrade. O evento foi realizado na Avenida Tamandar\u00e9 onde um grande n\u00famero de pessoas esperava J\u00e2nio Natal e seu grupo pol\u00edtico.<\/span><\/p>\n<p><a href=\"http:\/\/www.maisbn.com\/portal\/wp-content\/uploads\/2016\/09\/2\u00aa-comicio-de-janio-natal_00057.jpg\"><img loading=\"lazy\" decoding=\"async\" class=\"aligncenter size-full wp-image-12588\" src=\"http:\/\/www.maisbn.com\/portal\/wp-content\/uploads\/2016\/09\/2\u00aa-comicio-de-janio-natal_00057.jpg\" alt=\"2a-comicio-de-janio-natal_00057\" width=\"650\" height=\"412\" \/><\/a><\/p>\n<p><span style=\"color: #000000;\">J\u00e2nio e Janival foram recebidos com uma grande festa e gritos de alegria embalados pelos jingles de campanha. J\u00e2nio Natal foi muito cumprimentado pelas pessoas, que a todo momento, demonstravam apoio ao Deputado e seu irm\u00e3o.<\/span><\/p>\n<p><a href=\"http:\/\/www.maisbn.com\/portal\/wp-content\/uploads\/2016\/09\/mosaico_comiciojanio1.jpg\"><img loading=\"lazy\" decoding=\"async\" class=\"aligncenter size-full wp-image-12589\" src=\"http:\/\/www.maisbn.com\/portal\/wp-content\/uploads\/2016\/09\/mosaico_comiciojanio1.jpg\" alt=\"mosaico_comiciojanio\" width=\"700\" height=\"450\" \/><\/a><\/p>\n<p><span style=\"color: #000000;\">V\u00e1rios oradores discursaram durante o evento e todos ressaltaram as conquistas trazidas por J\u00e2nio para a cidade de Belmonte. Em seu discurso, J\u00e2nio se mostrou emocionado ao ver as pessoas que estavam presentes e comentou que aquilo tudo era resultado do seu amor por Belmonte que estava sendo retribu\u00eddo pelo povo. J\u00e2nio tamb\u00e9m usou a palavra para rebater as acusa\u00e7\u00f5es de seus advers\u00e1rios e comentou que tudo aquilo era desespero porque eles sabem o prest\u00edgio que J\u00e2nio tem perante ao eleitor belmontense. &#8220;Eu tenho sofrido duros ataques mentirosos dos opositores, mas enquanto eles me atacam eu mostro o que eu vou fazer por Belmonte. Perguntem a eles quais s\u00e3o os planos de governo deles.&#8221;<\/span><\/p>\n<p><a href=\"http:\/\/www.maisbn.com\/portal\/wp-content\/uploads\/2016\/09\/2\u00aa-comicio-de-janio-natal_00103.jpg\"><img loading=\"lazy\" decoding=\"async\" class=\"aligncenter size-full wp-image-12590\" src=\"http:\/\/www.maisbn.com\/portal\/wp-content\/uploads\/2016\/09\/2\u00aa-comicio-de-janio-natal_00103.jpg\" alt=\"2a-comicio-de-janio-natal_00103\" width=\"650\" height=\"412\" \/><\/a><\/p>\n<p><span style=\"color: #000000;\">J\u00e2nio Natal ainda aproveitou a oportunidade para divulgar o seu plano de governo que engloba as \u00e1reas de Sa\u00fade, Educa\u00e7\u00e3o, Esporte, Seguran\u00e7a e Infraestrutura. O candidato ainda comentou estar confiante na vit\u00f3ria e prometeu uma revolu\u00e7\u00e3o na forma de administra\u00e7\u00e3o da cidade de Belmonte.<\/span><\/p>\n<p><a href=\"http:\/\/www.maisbn.com\/portal\/wp-content\/uploads\/2016\/09\/2\u00aa-comicio-de-janio-natal_00098.jpg\"><img loading=\"lazy\" decoding=\"async\" class=\"aligncenter size-full wp-image-12591\" src=\"http:\/\/www.maisbn.com\/portal\/wp-content\/uploads\/2016\/09\/2\u00aa-comicio-de-janio-natal_00098.jpg\" alt=\"2a-comicio-de-janio-natal_00098\" width=\"650\" height=\"412\" \/><\/a><\/p>\n<p><span style=\"color: #000000;\">O candidato a vice-prefeito Janival Andrade tamb\u00e9m fez o uso da palavra e comentou que estava\u00a0 impressionado com o grande n\u00famero de pessoas presentes. Janival ainda salientou que estava finalizando mais uma campanha de cabe\u00e7a erguida e que tinha certeza que as urnas dariam a vit\u00f3ria a J\u00e2nio e Janival no pr\u00f3ximo domingo &#8220;Eu agrade\u00e7o a todos que se deslocaram de suas casas para ouvirem nossas propostas de governo. Voc\u00eas confirmaram que estamos no caminho certo e tenham certeza que honraremos o seu voto e a sua confian\u00e7a. Avante 19!!!! &#8211; Finalizou Janival.<\/span><\/p>\n<p><span style=\"color: #000000;\">A coordena\u00e7\u00e3o de campanha do Deputado Estadual J\u00e2nio Natal informou que a maratona de com\u00edcios foram encerradas, mas que eventos ainda continuar\u00e3o acontecendo at\u00e9 s\u00e1bado (01\/10).<\/span><\/p>\n","protected":false},"excerpt":{"rendered":"<p>Nessa quinta-feira (29\/09) quem tamb\u00e9m encerrou a maratona de com\u00edcios foi o Deputado Estadual e candidato a Prefeito J\u00e2nio Natal e seu vice Janival Andrade. O evento foi realizado na Avenida Tamandar\u00e9 onde um grande n\u00famero de pessoas esperava J\u00e2nio Natal e seu grupo pol\u00edtico. J\u00e2nio e Janival foram recebidos com uma grande festa e [&hellip;]<\/p>\n","protected":false},"author":7,"featured_media":12590,"comment_status":"open","ping_status":"open","sticky":false,"template":"","format":"standard","meta":{"footnotes":""},"categories":[1,7],"tags":[108],"class_list":["post-12587","post","type-post","status-publish","format-standard","has-post-thumbnail","hentry","category-noticias","category-politica","tag-belmonte"],"_links":{"self":[{"href":"https:\/\/www.maisbn.com\/portal\/wp-json\/wp\/v2\/posts\/12587","targetHints":{"allow":["GET"]}}],"collection":[{"href":"https:\/\/www.maisbn.com\/portal\/wp-json\/wp\/v2\/posts"}],"about":[{"href":"https:\/\/www.maisbn.com\/portal\/wp-json\/wp\/v2\/types\/post"}],"author":[{"embeddable":true,"href":"https:\/\/www.maisbn.com\/portal\/wp-json\/wp\/v2\/users\/7"}],"replies":[{"embeddable":true,"href":"https:\/\/www.maisbn.com\/portal\/wp-json\/wp\/v2\/comments?post=12587"}],"version-history":[{"count":2,"href":"https:\/\/www.maisbn.com\/portal\/wp-json\/wp\/v2\/posts\/12587\/revisions"}],"predecessor-version":[{"id":12593,"href":"https:\/\/www.maisbn.com\/portal\/wp-json\/wp\/v2\/posts\/12587\/revisions\/12593"}],"wp:featuredmedia":[{"embeddable":true,"href":"https:\/\/www.maisbn.com\/portal\/wp-json\/wp\/v2\/media\/12590"}],"wp:attachment":[{"href":"https:\/\/www.maisbn.com\/portal\/wp-json\/wp\/v2\/media?parent=12587"}],"wp:term":[{"taxonomy":"category","embeddable":true,"href":"https:\/\/www.maisbn.com\/portal\/wp-json\/wp\/v2\/categories?post=12587"},{"taxonomy":"post_tag","embeddable":true,"href":"https:\/\/www.maisbn.com\/portal\/wp-json\/wp\/v2\/tags?post=12587"}],"curies":[{"name":"wp","href":"https:\/\/api.w.org\/{rel}","templated":true}]}}