{"id":12574,"date":"2016-09-30T15:58:55","date_gmt":"2016-09-30T18:58:55","guid":{"rendered":"http:\/\/www.maisbn.com\/portal\/?p=12574"},"modified":"2016-09-30T15:58:55","modified_gmt":"2016-09-30T18:58:55","slug":"grupo-politico-do-candidato-iedo-elias-faz-seu-ultimo-comicio-das-eleicoes-2016","status":"publish","type":"post","link":"https:\/\/www.maisbn.com\/portal\/2016\/09\/grupo-politico-do-candidato-iedo-elias-faz-seu-ultimo-comicio-das-eleicoes-2016\/","title":{"rendered":"Grupo pol\u00edtico do candidato I\u00eado Elias faz seu \u00faltimo com\u00edcio das Elei\u00e7\u00f5es 2016."},"content":{"rendered":"<p><a href=\"http:\/\/www.maisbn.com\/portal\/wp-content\/uploads\/2016\/09\/comicioiedobarrolandia00011.jpg\"><img loading=\"lazy\" decoding=\"async\" class=\"aligncenter size-full wp-image-12575\" src=\"http:\/\/www.maisbn.com\/portal\/wp-content\/uploads\/2016\/09\/comicioiedobarrolandia00011.jpg\" alt=\"comicioiedobarrolandia00011\" width=\"650\" height=\"412\" \/><\/a><\/p>\n<p><span style=\"color: #000000;\">Nessa quinta-feira (29\/09) o grupo pol\u00edtico do ex-prefeito I\u00eado Elias realizou o seu \u00faltimo com\u00edcio das elei\u00e7\u00f5es 2016. O evento aconteceu no Distrito de Barrol\u00e2ndia e foi iniciado com uma caminhada que saiu do comit\u00ea de campanha do candidato at\u00e9 o local onde estava montado o palco. Participaram do cortejo os candidatos a vereador da Coliga\u00e7\u00e3o, correligion\u00e1rios e admiradores do ex-prefeito.<\/span><\/p>\n<p><span style=\"color: #000000;\"><a style=\"color: #000000;\" href=\"http:\/\/www.maisbn.com\/portal\/wp-content\/uploads\/2016\/09\/comicioiedobarrolandia00025.jpg\"><img loading=\"lazy\" decoding=\"async\" class=\"aligncenter size-full wp-image-12576\" src=\"http:\/\/www.maisbn.com\/portal\/wp-content\/uploads\/2016\/09\/comicioiedobarrolandia00025.jpg\" alt=\"comicioiedobarrolandia00025\" width=\"650\" height=\"412\" \/><\/a><\/span><\/p>\n<p><span style=\"color: #000000;\">V\u00e1rios foram os oradores da noite e todo foram un\u00e2nimes na quest\u00e3o de confiar no ex-gestor como sendo a melhor op\u00e7\u00e3o para Belmonte. Em seu discurso, o candidato I\u00eado Elias n\u00e3o poupou ataques aos seus advers\u00e1rios e ressaltou as conquistas da sua gest\u00e3o. O mesmo ainda negou os boatos da oposi\u00e7\u00e3o de que ele teria dito que iria perseguir pessoas ligadas aos seus advers\u00e1rios.<\/span><\/p>\n<p><span style=\"color: #000000;\"><a style=\"color: #000000;\" href=\"http:\/\/www.maisbn.com\/portal\/wp-content\/uploads\/2016\/09\/comicioiedobarrolandia00043.jpg\"><img loading=\"lazy\" decoding=\"async\" class=\"aligncenter size-full wp-image-12577\" src=\"http:\/\/www.maisbn.com\/portal\/wp-content\/uploads\/2016\/09\/comicioiedobarrolandia00043.jpg\" alt=\"comicioiedobarrolandia00043\" width=\"650\" height=\"412\" \/><\/a><\/span><\/p>\n<p><span style=\"color: #000000;\">A organiza\u00e7\u00e3o do com\u00edcio pediu que as pessoas fossem de branco e intitularam o evento como o &#8216;Com\u00edcio da Paz&#8217; em alus\u00e3o \u00e0 morte violenta de um jovem ocorrida no \u00faltimo dia 26\/09.<\/span><\/p>\n","protected":false},"excerpt":{"rendered":"<p>Nessa quinta-feira (29\/09) o grupo pol\u00edtico do ex-prefeito I\u00eado Elias realizou o seu \u00faltimo com\u00edcio das elei\u00e7\u00f5es 2016. O evento aconteceu no Distrito de Barrol\u00e2ndia e foi iniciado com uma caminhada que saiu do comit\u00ea de campanha do candidato at\u00e9 o local onde estava montado o palco. Participaram do cortejo os candidatos a vereador da [&hellip;]<\/p>\n","protected":false},"author":7,"featured_media":12577,"comment_status":"open","ping_status":"open","sticky":false,"template":"","format":"standard","meta":{"footnotes":""},"categories":[1,7],"tags":[108],"class_list":["post-12574","post","type-post","status-publish","format-standard","has-post-thumbnail","hentry","category-noticias","category-politica","tag-belmonte"],"_links":{"self":[{"href":"https:\/\/www.maisbn.com\/portal\/wp-json\/wp\/v2\/posts\/12574","targetHints":{"allow":["GET"]}}],"collection":[{"href":"https:\/\/www.maisbn.com\/portal\/wp-json\/wp\/v2\/posts"}],"about":[{"href":"https:\/\/www.maisbn.com\/portal\/wp-json\/wp\/v2\/types\/post"}],"author":[{"embeddable":true,"href":"https:\/\/www.maisbn.com\/portal\/wp-json\/wp\/v2\/users\/7"}],"replies":[{"embeddable":true,"href":"https:\/\/www.maisbn.com\/portal\/wp-json\/wp\/v2\/comments?post=12574"}],"version-history":[{"count":1,"href":"https:\/\/www.maisbn.com\/portal\/wp-json\/wp\/v2\/posts\/12574\/revisions"}],"predecessor-version":[{"id":12578,"href":"https:\/\/www.maisbn.com\/portal\/wp-json\/wp\/v2\/posts\/12574\/revisions\/12578"}],"wp:featuredmedia":[{"embeddable":true,"href":"https:\/\/www.maisbn.com\/portal\/wp-json\/wp\/v2\/media\/12577"}],"wp:attachment":[{"href":"https:\/\/www.maisbn.com\/portal\/wp-json\/wp\/v2\/media?parent=12574"}],"wp:term":[{"taxonomy":"category","embeddable":true,"href":"https:\/\/www.maisbn.com\/portal\/wp-json\/wp\/v2\/categories?post=12574"},{"taxonomy":"post_tag","embeddable":true,"href":"https:\/\/www.maisbn.com\/portal\/wp-json\/wp\/v2\/tags?post=12574"}],"curies":[{"name":"wp","href":"https:\/\/api.w.org\/{rel}","templated":true}]}}