{"id":12562,"date":"2016-09-29T23:37:37","date_gmt":"2016-09-30T02:37:37","guid":{"rendered":"http:\/\/www.maisbn.com\/portal\/?p=12562"},"modified":"2016-09-29T23:41:09","modified_gmt":"2016-09-30T02:41:09","slug":"janio-natal-e-janival-fazem-reuniao-com-os-musicos-das-filarmonicas-de-belmonte","status":"publish","type":"post","link":"https:\/\/www.maisbn.com\/portal\/2016\/09\/janio-natal-e-janival-fazem-reuniao-com-os-musicos-das-filarmonicas-de-belmonte\/","title":{"rendered":"J\u00e2nio Natal e Janival fazem reuni\u00e3o com os m\u00fasicos das Filarm\u00f4nicas de Belmonte."},"content":{"rendered":"<p><span style=\"color: #000000;\">Na noite do dia 27\/09 o candidato a Prefeito J\u00e2nio Natal e seu vice Janival participaram de reuni\u00f5es com os m\u00fasicos das Filarm\u00f4nicas XV de Setembro e Lyra Popular de Belmonte. A reuni\u00e3o foi solicitada pelo candidato via of\u00edcio virtual e as institui\u00e7\u00f5es aceitaram o pedido por serem de utilidade p\u00fablica municipal.<\/span><\/p>\n<p><span style=\"color: #000000;\"><a style=\"color: #000000;\" href=\"http:\/\/www.maisbn.com\/portal\/wp-content\/uploads\/2016\/09\/janionasfilarmonicas00007.jpg\"><img loading=\"lazy\" decoding=\"async\" class=\"aligncenter size-full wp-image-12563\" src=\"http:\/\/www.maisbn.com\/portal\/wp-content\/uploads\/2016\/09\/janionasfilarmonicas00007.jpg\" alt=\"janionasfilarmonicas00007\" width=\"650\" height=\"412\" \/><\/a><\/span><\/p>\n<p><span style=\"color: #000000;\">Os organizadores acharam as reuni\u00f5es produtivas e ouviram atentamente os planos e projetos que o candidato tem para as Filarm\u00f4nicas da cidade. J\u00e2nio deixou claro que iria ajudar ambas as Filarm\u00f4nicas centen\u00e1rias de Belmonte e que ir\u00e1 manter os sal\u00e1rios dos professores de m\u00fasica.<\/span><\/p>\n<p><a href=\"http:\/\/www.maisbn.com\/portal\/wp-content\/uploads\/2016\/09\/janionasfilarmonicas00035.jpg\"><img loading=\"lazy\" decoding=\"async\" class=\"aligncenter size-full wp-image-12564\" src=\"http:\/\/www.maisbn.com\/portal\/wp-content\/uploads\/2016\/09\/janionasfilarmonicas00035.jpg\" alt=\"janionasfilarmonicas00035\" width=\"650\" height=\"412\" \/><\/a><\/p>\n<p><span style=\"color: #000000;\">J\u00e2nio Natal ainda comentou que uma das prioridades da sua gest\u00e3o ser\u00e1 o incentivo \u00e0s Filarm\u00f4nicas e revelou que apoiar\u00e1 eventos culturais como o M\u00fasica na Pra\u00e7a. O mesmo ainda comentou que ira patrocinar apresenta\u00e7\u00f5es aos finais de semana e principalmente promover a\u00e7\u00f5es para que as duas institui\u00e7\u00f5es passem a funcionar de forma independente e sustent\u00e1vel.<\/span><\/p>\n","protected":false},"excerpt":{"rendered":"<p>Na noite do dia 27\/09 o candidato a Prefeito J\u00e2nio Natal e seu vice Janival participaram de reuni\u00f5es com os m\u00fasicos das Filarm\u00f4nicas XV de Setembro e Lyra Popular de Belmonte. A reuni\u00e3o foi solicitada pelo candidato via of\u00edcio virtual e as institui\u00e7\u00f5es aceitaram o pedido por serem de utilidade p\u00fablica municipal. Os organizadores acharam [&hellip;]<\/p>\n","protected":false},"author":7,"featured_media":12563,"comment_status":"open","ping_status":"open","sticky":false,"template":"","format":"standard","meta":{"footnotes":""},"categories":[1,7],"tags":[108],"class_list":["post-12562","post","type-post","status-publish","format-standard","has-post-thumbnail","hentry","category-noticias","category-politica","tag-belmonte"],"_links":{"self":[{"href":"https:\/\/www.maisbn.com\/portal\/wp-json\/wp\/v2\/posts\/12562","targetHints":{"allow":["GET"]}}],"collection":[{"href":"https:\/\/www.maisbn.com\/portal\/wp-json\/wp\/v2\/posts"}],"about":[{"href":"https:\/\/www.maisbn.com\/portal\/wp-json\/wp\/v2\/types\/post"}],"author":[{"embeddable":true,"href":"https:\/\/www.maisbn.com\/portal\/wp-json\/wp\/v2\/users\/7"}],"replies":[{"embeddable":true,"href":"https:\/\/www.maisbn.com\/portal\/wp-json\/wp\/v2\/comments?post=12562"}],"version-history":[{"count":4,"href":"https:\/\/www.maisbn.com\/portal\/wp-json\/wp\/v2\/posts\/12562\/revisions"}],"predecessor-version":[{"id":12568,"href":"https:\/\/www.maisbn.com\/portal\/wp-json\/wp\/v2\/posts\/12562\/revisions\/12568"}],"wp:featuredmedia":[{"embeddable":true,"href":"https:\/\/www.maisbn.com\/portal\/wp-json\/wp\/v2\/media\/12563"}],"wp:attachment":[{"href":"https:\/\/www.maisbn.com\/portal\/wp-json\/wp\/v2\/media?parent=12562"}],"wp:term":[{"taxonomy":"category","embeddable":true,"href":"https:\/\/www.maisbn.com\/portal\/wp-json\/wp\/v2\/categories?post=12562"},{"taxonomy":"post_tag","embeddable":true,"href":"https:\/\/www.maisbn.com\/portal\/wp-json\/wp\/v2\/tags?post=12562"}],"curies":[{"name":"wp","href":"https:\/\/api.w.org\/{rel}","templated":true}]}}