{"id":12544,"date":"2016-09-28T12:35:53","date_gmt":"2016-09-28T15:35:53","guid":{"rendered":"http:\/\/www.maisbn.com\/portal\/?p=12544"},"modified":"2016-09-28T12:35:53","modified_gmt":"2016-09-28T15:35:53","slug":"grupo-politico-do-candidato-janio-natal-emite-nota-explicando-cancelamento-de-comicio-em-barrolandia","status":"publish","type":"post","link":"https:\/\/www.maisbn.com\/portal\/2016\/09\/grupo-politico-do-candidato-janio-natal-emite-nota-explicando-cancelamento-de-comicio-em-barrolandia\/","title":{"rendered":"Grupo Pol\u00edtico do candidato J\u00e2nio Natal emite nota explicando cancelamento de com\u00edcio em Barrol\u00e2ndia."},"content":{"rendered":"<p><a href=\"http:\/\/www.maisbn.com\/portal\/wp-content\/uploads\/2016\/09\/comiciojanio00035.jpg\"><img loading=\"lazy\" decoding=\"async\" class=\"aligncenter size-full wp-image-12427\" src=\"http:\/\/www.maisbn.com\/portal\/wp-content\/uploads\/2016\/09\/comiciojanio00035.jpg\" alt=\"comiciojanio00035\" width=\"650\" height=\"412\" \/><\/a><\/p>\n<p><span style=\"color: #000000;\">O Grupo Pol\u00edtico do Candidato a prefeito e Deputado Estadual J\u00e2nio Natal divulgou nota explicando a resolu\u00e7\u00e3o de cancelar um com\u00edcio que seria realizado nesta ter\u00e7a-feira (27\/09) em Barrol\u00e2ndia. Segue abaixo na \u00edntegra o aviso:<\/span><\/p>\n<p><span style=\"color: #000000;\"><em>&#8220;Diante do triste e lament\u00e1vel acontecimento dessa segunda-feira (26\/09) em Barrolandia, e como forma de preservar a vida das fam\u00edlias de Belmonte, J\u00e2nio Natal, Janival e os coordenadores da Coliga\u00e7\u00e3o Belmonte Voltar\u00e1 a Sorrir, resolveram cancelar o Com\u00edcio que seria realizado nesta quarta feira, naquele distrito.<\/em><\/span><br \/>\n<span style=\"color: #000000;\"><em>Por\u00e9m, fica conservado o Com\u00edcio de Belmonte, nesta quinta feira, 20 horas, na avenida Tamandar\u00e9.&#8221;<\/em><\/span><\/p>\n<p><span style=\"color: #000000;\">Os organizadores explicaram que o clima est\u00e1 muito dif\u00edcil no distrito e est\u00e1 em comunica\u00e7\u00e3o com as for\u00e7as policiais para viabilizar os pr\u00f3ximos eventos pol\u00edticos que v\u00e3o acontecer em Barrol\u00e2ndia at\u00e9 o dia da elei\u00e7\u00e3o.<\/span><\/p>\n","protected":false},"excerpt":{"rendered":"<p>O Grupo Pol\u00edtico do Candidato a prefeito e Deputado Estadual J\u00e2nio Natal divulgou nota explicando a resolu\u00e7\u00e3o de cancelar um com\u00edcio que seria realizado nesta ter\u00e7a-feira (27\/09) em Barrol\u00e2ndia. Segue abaixo na \u00edntegra o aviso: &#8220;Diante do triste e lament\u00e1vel acontecimento dessa segunda-feira (26\/09) em Barrolandia, e como forma de preservar a vida das fam\u00edlias [&hellip;]<\/p>\n","protected":false},"author":7,"featured_media":12427,"comment_status":"open","ping_status":"open","sticky":false,"template":"","format":"standard","meta":{"footnotes":""},"categories":[1,7],"tags":[108],"class_list":["post-12544","post","type-post","status-publish","format-standard","has-post-thumbnail","hentry","category-noticias","category-politica","tag-belmonte"],"_links":{"self":[{"href":"https:\/\/www.maisbn.com\/portal\/wp-json\/wp\/v2\/posts\/12544","targetHints":{"allow":["GET"]}}],"collection":[{"href":"https:\/\/www.maisbn.com\/portal\/wp-json\/wp\/v2\/posts"}],"about":[{"href":"https:\/\/www.maisbn.com\/portal\/wp-json\/wp\/v2\/types\/post"}],"author":[{"embeddable":true,"href":"https:\/\/www.maisbn.com\/portal\/wp-json\/wp\/v2\/users\/7"}],"replies":[{"embeddable":true,"href":"https:\/\/www.maisbn.com\/portal\/wp-json\/wp\/v2\/comments?post=12544"}],"version-history":[{"count":1,"href":"https:\/\/www.maisbn.com\/portal\/wp-json\/wp\/v2\/posts\/12544\/revisions"}],"predecessor-version":[{"id":12545,"href":"https:\/\/www.maisbn.com\/portal\/wp-json\/wp\/v2\/posts\/12544\/revisions\/12545"}],"wp:featuredmedia":[{"embeddable":true,"href":"https:\/\/www.maisbn.com\/portal\/wp-json\/wp\/v2\/media\/12427"}],"wp:attachment":[{"href":"https:\/\/www.maisbn.com\/portal\/wp-json\/wp\/v2\/media?parent=12544"}],"wp:term":[{"taxonomy":"category","embeddable":true,"href":"https:\/\/www.maisbn.com\/portal\/wp-json\/wp\/v2\/categories?post=12544"},{"taxonomy":"post_tag","embeddable":true,"href":"https:\/\/www.maisbn.com\/portal\/wp-json\/wp\/v2\/tags?post=12544"}],"curies":[{"name":"wp","href":"https:\/\/api.w.org\/{rel}","templated":true}]}}