{"id":12471,"date":"2016-09-24T18:38:26","date_gmt":"2016-09-24T21:38:26","guid":{"rendered":"http:\/\/www.maisbn.com\/portal\/?p=12471"},"modified":"2016-09-24T18:38:26","modified_gmt":"2016-09-24T21:38:26","slug":"janio-natal-realiza-grande-caminhada-em-barrolandia-e-diz-estar-confiante-na-vitoria","status":"publish","type":"post","link":"https:\/\/www.maisbn.com\/portal\/2016\/09\/janio-natal-realiza-grande-caminhada-em-barrolandia-e-diz-estar-confiante-na-vitoria\/","title":{"rendered":"J\u00e2nio Natal realiza grande caminhada em Barrol\u00e2ndia e diz estar confiante na vit\u00f3ria."},"content":{"rendered":"<p><a href=\"http:\/\/www.maisbn.com\/portal\/wp-content\/uploads\/2016\/09\/passeatajaniobarrolandia00049.jpg\"><img loading=\"lazy\" decoding=\"async\" class=\"aligncenter wp-image-12473 size-full\" src=\"http:\/\/www.maisbn.com\/portal\/wp-content\/uploads\/2016\/09\/passeatajaniobarrolandia00049.jpg\" alt=\"\" width=\"650\" height=\"412\" \/><\/a><\/p>\n<p><span style=\"color: #000000;\">Foi realizado na tarde desta sexta-feira (23) uma grande Passeata nas ruas de Barrol\u00e2ndia da coliga\u00e7\u00e3o \u201cBelmonte Voltar\u00e1 a Sorrir\u201d, do candidato a prefeito J\u00e2nio Natal (PTN) e do candidato a vice \u2013 prefeito Janival Andrade. O evento reuniu uma multid\u00e3o vestida de azul entusiasmada e mostrando total apoio ao 19.<\/span><\/p>\n<p>&nbsp;<\/p>\n<p><span style=\"color: #000000;\"><a style=\"color: #000000;\" href=\"http:\/\/www.maisbn.com\/portal\/wp-content\/uploads\/2016\/09\/passeatajaniobarrolandia00061.jpg\"><img loading=\"lazy\" decoding=\"async\" class=\"aligncenter wp-image-12474 size-full\" src=\"http:\/\/www.maisbn.com\/portal\/wp-content\/uploads\/2016\/09\/passeatajaniobarrolandia00061.jpg\" alt=\"\" width=\"650\" height=\"412\" \/><\/a> <\/span><\/p>\n<p><span style=\"color: #000000;\">A concentra\u00e7\u00e3o iniciou por volta das 17 horas no comit\u00ea localizado no centro de Barrol\u00e2ndia e de l\u00e1 sa\u00edram em passeata pelas ruas at\u00e9 o final da Rua Santo Ant\u00f4nio, onde um carro de som j\u00e1 aguardava para os discursos dos candidatos J\u00e2nio e Janival.<\/span><\/p>\n<p><span style=\"color: #000000;\"><a style=\"color: #000000;\" href=\"http:\/\/www.maisbn.com\/portal\/wp-content\/uploads\/2016\/09\/passeatajaniobarrolandia00103.jpg\"><img loading=\"lazy\" decoding=\"async\" class=\"aligncenter size-full wp-image-12475\" src=\"http:\/\/www.maisbn.com\/portal\/wp-content\/uploads\/2016\/09\/passeatajaniobarrolandia00103.jpg\" alt=\"passeatajaniobarrolandia00103\" width=\"650\" height=\"412\" \/><\/a><\/span><\/p>\n<p><span style=\"color: #000000;\">O candidato a vice-prefeito, Janival Andrade disse que estava emocionado com a forma carinhosa que eles foram recebidos pela popula\u00e7\u00e3o. &#8220;<em>Quem tem a chave da prefeitura de Belmonte \u00e9 o povo. <\/em><em>Faltam poucos dias para a elei\u00e7\u00e3o. N\u00f3s vamos definir o prefeito de <\/em><em>Belmonte. Vamos mostrar um jeito novo de trabalhar com muito amor olhando para a necessidade do povo humilde de Belmonte<\/em><em>\u201d. <\/em>Disse Janival.<\/span><\/p>\n<p><span style=\"color: #000000;\"><a style=\"color: #000000;\" href=\"http:\/\/www.maisbn.com\/portal\/wp-content\/uploads\/2016\/09\/passeatajaniobarrolandia00114.jpg\"><img loading=\"lazy\" decoding=\"async\" class=\"aligncenter size-full wp-image-12476\" src=\"http:\/\/www.maisbn.com\/portal\/wp-content\/uploads\/2016\/09\/passeatajaniobarrolandia00114.jpg\" alt=\"passeatajaniobarrolandia00114\" width=\"650\" height=\"412\" \/><\/a><\/span><\/p>\n<p><span style=\"color: #000000;\">Em seguida, J\u00e2nio Natal fez um breve discurso onde destacou a emo\u00e7\u00e3o por realizar mais um evento que reuniu um grande p\u00fablico. <em>\u201cMeus amigos, neste momento muito emocionante da minha vida eu olho daqui de cima essa multid\u00e3o de pessoas, pessoas que digo que n\u00e3o fiz eleitores e sim uma multid\u00e3o de amigos e est\u00e3o aqui porque acreditam na palavra de J\u00e2nio Natal. Voc\u00eas sabem da minha trajet\u00f3ria, voc\u00eas sabem que J\u00e2nio Natal n\u00e3o abandonou o povo de Belmonte e eu fiquei cuidando desse povo. Sempre estive \u00e0 disposi\u00e7\u00e3o do povo por que sei da realidade e das necessidades da comunidade. Olho a sa\u00fade e a educa\u00e7\u00e3o que precisam ser melhoradas. Olho a infraestrutura que a cidade est\u00e1 precisando. Olho o esporte que precisa ser resgatado e junto com Janival terei um grande compromisso em Belmonte que \u00e9\u00a0 fazer uma grande transforma\u00e7\u00e3o dentro da nossa cidade. Vejo no olho de voc\u00eas que voc\u00eas querem o novo e renova\u00e7\u00e3o \u00e9 19 J\u00e2nio Natal e vice Janival<\/em>. \u201d Disse o candidato J\u00e2nio Natal.<\/span><\/p>\n","protected":false},"excerpt":{"rendered":"<p>Foi realizado na tarde desta sexta-feira (23) uma grande Passeata nas ruas de Barrol\u00e2ndia da coliga\u00e7\u00e3o \u201cBelmonte Voltar\u00e1 a Sorrir\u201d, do candidato a prefeito J\u00e2nio Natal (PTN) e do candidato a vice \u2013 prefeito Janival Andrade. O evento reuniu uma multid\u00e3o vestida de azul entusiasmada e mostrando total apoio ao 19. &nbsp; A concentra\u00e7\u00e3o iniciou [&hellip;]<\/p>\n","protected":false},"author":7,"featured_media":12472,"comment_status":"open","ping_status":"open","sticky":false,"template":"","format":"standard","meta":{"footnotes":""},"categories":[1,7],"tags":[108],"class_list":["post-12471","post","type-post","status-publish","format-standard","has-post-thumbnail","hentry","category-noticias","category-politica","tag-belmonte"],"_links":{"self":[{"href":"https:\/\/www.maisbn.com\/portal\/wp-json\/wp\/v2\/posts\/12471","targetHints":{"allow":["GET"]}}],"collection":[{"href":"https:\/\/www.maisbn.com\/portal\/wp-json\/wp\/v2\/posts"}],"about":[{"href":"https:\/\/www.maisbn.com\/portal\/wp-json\/wp\/v2\/types\/post"}],"author":[{"embeddable":true,"href":"https:\/\/www.maisbn.com\/portal\/wp-json\/wp\/v2\/users\/7"}],"replies":[{"embeddable":true,"href":"https:\/\/www.maisbn.com\/portal\/wp-json\/wp\/v2\/comments?post=12471"}],"version-history":[{"count":1,"href":"https:\/\/www.maisbn.com\/portal\/wp-json\/wp\/v2\/posts\/12471\/revisions"}],"predecessor-version":[{"id":12477,"href":"https:\/\/www.maisbn.com\/portal\/wp-json\/wp\/v2\/posts\/12471\/revisions\/12477"}],"wp:featuredmedia":[{"embeddable":true,"href":"https:\/\/www.maisbn.com\/portal\/wp-json\/wp\/v2\/media\/12472"}],"wp:attachment":[{"href":"https:\/\/www.maisbn.com\/portal\/wp-json\/wp\/v2\/media?parent=12471"}],"wp:term":[{"taxonomy":"category","embeddable":true,"href":"https:\/\/www.maisbn.com\/portal\/wp-json\/wp\/v2\/categories?post=12471"},{"taxonomy":"post_tag","embeddable":true,"href":"https:\/\/www.maisbn.com\/portal\/wp-json\/wp\/v2\/tags?post=12471"}],"curies":[{"name":"wp","href":"https:\/\/api.w.org\/{rel}","templated":true}]}}