{"id":12467,"date":"2016-09-24T18:09:33","date_gmt":"2016-09-24T21:09:33","guid":{"rendered":"http:\/\/www.maisbn.com\/portal\/?p=12467"},"modified":"2016-09-24T18:09:33","modified_gmt":"2016-09-24T21:09:33","slug":"bairros-sao-benedito-e-bom-jardim-recebem-caminhada-do-candidato-a-prefeito-iedo-elias","status":"publish","type":"post","link":"https:\/\/www.maisbn.com\/portal\/2016\/09\/bairros-sao-benedito-e-bom-jardim-recebem-caminhada-do-candidato-a-prefeito-iedo-elias\/","title":{"rendered":"Bairros S\u00e3o Benedito e Bom Jardim recebem caminhada do candidato a prefeito I\u00eado Elias."},"content":{"rendered":"<p><span style=\"color: #000000;\">Na \u00faltima sexta-feira (23\/09) o Grupo pol\u00edtico liderado pelo ex-prefeito e candidato I\u00eado Elias realizou mais um evento em Belmonte. Estamos falando de uma caminhada realizada nos Bairros Bom Jardim e S\u00e3o Benedito que contou com a presen\u00e7a de candidatos a vereador, correligion\u00e1rios e apoiadores da candidatura do mesmo.<\/span><\/p>\n<p><a href=\"http:\/\/www.maisbn.com\/portal\/wp-content\/uploads\/2016\/09\/passeatadeiedonobomjardim00066.jpg\"><img loading=\"lazy\" decoding=\"async\" class=\"aligncenter size-full wp-image-12468\" src=\"http:\/\/www.maisbn.com\/portal\/wp-content\/uploads\/2016\/09\/passeatadeiedonobomjardim00066.jpg\" alt=\"passeatadeiedonobomjardim00066\" width=\"650\" height=\"412\" \/><\/a><\/p>\n<p><span style=\"color: #000000;\">A caminhada come\u00e7ou por volta das 16:30Hrs e I\u00eado Elias saiu pelas principais ruas do bairro fazendo um corpo-a-corpo e conversando com populares. Os organizadores da campanha ainda aproveitaram para colar banners e cartazes nas casas.<\/span><\/p>\n<p><a href=\"http:\/\/www.maisbn.com\/portal\/wp-content\/uploads\/2016\/09\/passeatadeiedonobomjardim00126.jpg\"><img loading=\"lazy\" decoding=\"async\" class=\"aligncenter size-full wp-image-12469\" src=\"http:\/\/www.maisbn.com\/portal\/wp-content\/uploads\/2016\/09\/passeatadeiedonobomjardim00126.jpg\" alt=\"passeatadeiedonobomjardim00126\" width=\"650\" height=\"412\" \/><\/a><\/p>\n<p><span style=\"color: #000000;\">O evento foi finalizado na Rua do Farol pr\u00f3ximo \u00e0 Delegacia Territorial de Belmonte onde estava parado um palco m\u00f3vel montado para o pronunciamento. Em seu discurso I\u00eado Elias novamente fez ataques diretos \u00e0 Prefeita Alice Britto e comentou que a sa\u00fade na gest\u00e3o de sua sucessora estava entregue ao descaso. O candidato ainda comentou sobre a situa\u00e7\u00e3o da educa\u00e7\u00e3o do munic\u00edpio e ressaltou as conquistas do seu governo que respeitou os funcion\u00e1rios p\u00fablicos e os comerciantes. I\u00eado Elias ainda fez ataques diretos ao Deputado Estadual J\u00e2nio Natal a quem ele acusou de ter deixado um grande preju\u00edzo na cidade com a suposta venda da Veracel a Eun\u00e1polis. O candidato ainda acusou J\u00e2nio de desrespeitar as fam\u00edlias quando o mesmo montou um p\u00eanis gigante na Pra\u00e7a S\u00e3o Sebasti\u00e3o e de ter desrespeitado a sua candidata a vereadora Carla quando ela fez questionamentos em uma rede social sobre o caso.<\/span><\/p>\n","protected":false},"excerpt":{"rendered":"<p>Na \u00faltima sexta-feira (23\/09) o Grupo pol\u00edtico liderado pelo ex-prefeito e candidato I\u00eado Elias realizou mais um evento em Belmonte. Estamos falando de uma caminhada realizada nos Bairros Bom Jardim e S\u00e3o Benedito que contou com a presen\u00e7a de candidatos a vereador, correligion\u00e1rios e apoiadores da candidatura do mesmo. A caminhada come\u00e7ou por volta das [&hellip;]<\/p>\n","protected":false},"author":7,"featured_media":12468,"comment_status":"open","ping_status":"open","sticky":false,"template":"","format":"standard","meta":{"footnotes":""},"categories":[1,7],"tags":[108],"class_list":["post-12467","post","type-post","status-publish","format-standard","has-post-thumbnail","hentry","category-noticias","category-politica","tag-belmonte"],"_links":{"self":[{"href":"https:\/\/www.maisbn.com\/portal\/wp-json\/wp\/v2\/posts\/12467","targetHints":{"allow":["GET"]}}],"collection":[{"href":"https:\/\/www.maisbn.com\/portal\/wp-json\/wp\/v2\/posts"}],"about":[{"href":"https:\/\/www.maisbn.com\/portal\/wp-json\/wp\/v2\/types\/post"}],"author":[{"embeddable":true,"href":"https:\/\/www.maisbn.com\/portal\/wp-json\/wp\/v2\/users\/7"}],"replies":[{"embeddable":true,"href":"https:\/\/www.maisbn.com\/portal\/wp-json\/wp\/v2\/comments?post=12467"}],"version-history":[{"count":1,"href":"https:\/\/www.maisbn.com\/portal\/wp-json\/wp\/v2\/posts\/12467\/revisions"}],"predecessor-version":[{"id":12470,"href":"https:\/\/www.maisbn.com\/portal\/wp-json\/wp\/v2\/posts\/12467\/revisions\/12470"}],"wp:featuredmedia":[{"embeddable":true,"href":"https:\/\/www.maisbn.com\/portal\/wp-json\/wp\/v2\/media\/12468"}],"wp:attachment":[{"href":"https:\/\/www.maisbn.com\/portal\/wp-json\/wp\/v2\/media?parent=12467"}],"wp:term":[{"taxonomy":"category","embeddable":true,"href":"https:\/\/www.maisbn.com\/portal\/wp-json\/wp\/v2\/categories?post=12467"},{"taxonomy":"post_tag","embeddable":true,"href":"https:\/\/www.maisbn.com\/portal\/wp-json\/wp\/v2\/tags?post=12467"}],"curies":[{"name":"wp","href":"https:\/\/api.w.org\/{rel}","templated":true}]}}