{"id":12445,"date":"2016-09-22T23:38:37","date_gmt":"2016-09-23T02:38:37","guid":{"rendered":"http:\/\/www.maisbn.com\/portal\/?p=12445"},"modified":"2016-09-22T23:38:37","modified_gmt":"2016-09-23T02:38:37","slug":"grupo-politico-do-candidato-a-prefeito-iedo-elias-faz-corpo-a-corpo-pelas-ruas-de-belmonte","status":"publish","type":"post","link":"https:\/\/www.maisbn.com\/portal\/2016\/09\/grupo-politico-do-candidato-a-prefeito-iedo-elias-faz-corpo-a-corpo-pelas-ruas-de-belmonte\/","title":{"rendered":"Grupo pol\u00edtico do candidato a prefeito I\u00eado Elias faz corpo-a-corpo pelas ruas de Belmonte."},"content":{"rendered":"<p><span style=\"color: #000000;\">O ex-prefeito e candidato a prefeito I\u00eado Elias, seus correligion\u00e1rios e candidatos a vereador realizaram na tarde dessa quinta-feira (22\/09) mais um evento de campanha. Estamos falando da caminhada realizada na sede do munic\u00edpio de Belmonte onde o candidato I\u00eado Elias e seu grupo pol\u00edtico andaram pelas principais ruas da cidade fazendo um corpo-a-corpo.<\/span><\/p>\n<p><span style=\"color: #000000;\"><a style=\"color: #000000;\" href=\"http:\/\/www.maisbn.com\/portal\/wp-content\/uploads\/2016\/09\/passeatadeiedo00014.jpg\"><img loading=\"lazy\" decoding=\"async\" class=\"aligncenter size-full wp-image-12446\" src=\"http:\/\/www.maisbn.com\/portal\/wp-content\/uploads\/2016\/09\/passeatadeiedo00014.jpg\" alt=\"passeatadeiedo00014\" width=\"650\" height=\"412\" \/><\/a><\/span><\/p>\n<p><span style=\"color: #000000;\">A caminhada, que come\u00e7ou na Biela, foi acompanhada por simpatizantes do candidato e ainda contou com a anima\u00e7\u00e3o de carros de som com m\u00fasicas da campanha. Tamb\u00e9m foram pregadas placas e cartazes dos candidatos a vereador do grupo e do candidato a Prefeito I\u00eado Elias nas casas.<\/span><\/p>\n<p><span style=\"color: #000000;\"><a style=\"color: #000000;\" href=\"http:\/\/www.maisbn.com\/portal\/wp-content\/uploads\/2016\/09\/passeatadeiedo00041.jpg\"><img loading=\"lazy\" decoding=\"async\" class=\"aligncenter size-full wp-image-12447\" src=\"http:\/\/www.maisbn.com\/portal\/wp-content\/uploads\/2016\/09\/passeatadeiedo00041.jpg\" alt=\"passeatadeiedo00041\" width=\"650\" height=\"412\" \/><\/a><\/span><\/p>\n<p><span style=\"color: #000000;\">O cortejo ainda passou pela Avenida Rio Mar, Rua S\u00e3o Vicente, Bairro Ponta de Areia, Prainha e terminou na Pra\u00e7a Nossa Senhora do Carmo onde o candidato I\u00eado Elias fez um pronunciamento dizendo que estava vivendo um momento muito importante na sua vida pol\u00edtica e que nunca tinha visto tanta gente reunida em prol de uma candidatura. O mesmo ainda comentou que continuar\u00e1 fazendo uma pol\u00edtica de respeito. &#8220;Quero dizer aos meus advers\u00e1rios que quanto mais batem em mim \u00e9 que eu cres\u00e7o nesta campanha. A resposta est\u00e1 aqui neste corpo a corpo, continuarei fazendo uma campanha limpa e respeitando meus advers\u00e1rios.&#8221; &#8211; Finalizou I\u00eado Elias.<\/span><\/p>\n","protected":false},"excerpt":{"rendered":"<p>O ex-prefeito e candidato a prefeito I\u00eado Elias, seus correligion\u00e1rios e candidatos a vereador realizaram na tarde dessa quinta-feira (22\/09) mais um evento de campanha. Estamos falando da caminhada realizada na sede do munic\u00edpio de Belmonte onde o candidato I\u00eado Elias e seu grupo pol\u00edtico andaram pelas principais ruas da cidade fazendo um corpo-a-corpo. A [&hellip;]<\/p>\n","protected":false},"author":7,"featured_media":12446,"comment_status":"open","ping_status":"open","sticky":false,"template":"","format":"standard","meta":{"footnotes":""},"categories":[1,7],"tags":[108],"class_list":["post-12445","post","type-post","status-publish","format-standard","has-post-thumbnail","hentry","category-noticias","category-politica","tag-belmonte"],"_links":{"self":[{"href":"https:\/\/www.maisbn.com\/portal\/wp-json\/wp\/v2\/posts\/12445","targetHints":{"allow":["GET"]}}],"collection":[{"href":"https:\/\/www.maisbn.com\/portal\/wp-json\/wp\/v2\/posts"}],"about":[{"href":"https:\/\/www.maisbn.com\/portal\/wp-json\/wp\/v2\/types\/post"}],"author":[{"embeddable":true,"href":"https:\/\/www.maisbn.com\/portal\/wp-json\/wp\/v2\/users\/7"}],"replies":[{"embeddable":true,"href":"https:\/\/www.maisbn.com\/portal\/wp-json\/wp\/v2\/comments?post=12445"}],"version-history":[{"count":1,"href":"https:\/\/www.maisbn.com\/portal\/wp-json\/wp\/v2\/posts\/12445\/revisions"}],"predecessor-version":[{"id":12448,"href":"https:\/\/www.maisbn.com\/portal\/wp-json\/wp\/v2\/posts\/12445\/revisions\/12448"}],"wp:featuredmedia":[{"embeddable":true,"href":"https:\/\/www.maisbn.com\/portal\/wp-json\/wp\/v2\/media\/12446"}],"wp:attachment":[{"href":"https:\/\/www.maisbn.com\/portal\/wp-json\/wp\/v2\/media?parent=12445"}],"wp:term":[{"taxonomy":"category","embeddable":true,"href":"https:\/\/www.maisbn.com\/portal\/wp-json\/wp\/v2\/categories?post=12445"},{"taxonomy":"post_tag","embeddable":true,"href":"https:\/\/www.maisbn.com\/portal\/wp-json\/wp\/v2\/tags?post=12445"}],"curies":[{"name":"wp","href":"https:\/\/api.w.org\/{rel}","templated":true}]}}