{"id":12436,"date":"2016-09-20T17:55:10","date_gmt":"2016-09-20T20:55:10","guid":{"rendered":"http:\/\/www.maisbn.com\/portal\/?p=12436"},"modified":"2016-09-20T17:55:10","modified_gmt":"2016-09-20T20:55:10","slug":"populacao-revoltada-impede-mais-uma-vez-que-vereadores-votem-reajuste-dos-proprios-salarios","status":"publish","type":"post","link":"https:\/\/www.maisbn.com\/portal\/2016\/09\/populacao-revoltada-impede-mais-uma-vez-que-vereadores-votem-reajuste-dos-proprios-salarios\/","title":{"rendered":"Popula\u00e7\u00e3o revoltada impede mais uma vez que vereadores votem reajuste dos pr\u00f3prios sal\u00e1rios."},"content":{"rendered":"<p><span style=\"color: #000000;\">Uma popula\u00e7\u00e3o revoltada foi o que os vereadores de Belmonte encontraram na \u00faltima sess\u00e3o realizada nessa segunda-feira (19\/09) e o motivo de toda a confus\u00e3o \u00e9 um projeto de lei que pretende reajustar os sal\u00e1rios dos edis, do prefeito, do vice e dos secret\u00e1rios municipais. A sess\u00e3o, que come\u00e7ou por volta das 19:30 sob prote\u00e7\u00e3o da Pol\u00edcia Militar, contou apenas com 04 vereadores foram eles:\u00a0 Alvino, Carlos Mota, Hildenburgo e Edalvo. O projeto ent\u00e3o teve que ser retirado de vota\u00e7\u00e3o por falta de qu\u00f3rum.<\/span><\/p>\n<p><a href=\"http:\/\/www.maisbn.com\/portal\/wp-content\/uploads\/2016\/09\/reajustevereadores00001.jpg\"><img loading=\"lazy\" decoding=\"async\" class=\"aligncenter size-full wp-image-12437\" src=\"http:\/\/www.maisbn.com\/portal\/wp-content\/uploads\/2016\/09\/reajustevereadores00001.jpg\" alt=\"reajustevereadores00001\" width=\"650\" height=\"412\" \/><\/a><\/p>\n<p><span style=\"color: #000000;\">A popula\u00e7\u00e3o ficou revoltada com a situa\u00e7\u00e3o e come\u00e7ou a criticar os vereadores presentes. Tamb\u00e9m cobraram do Presidente Alvino Matos uma puni\u00e7\u00e3o para os faltosos e acusaram os mesmos de estarem com medo de encarar os eleitores. Algumas pessoas tamb\u00e9m se inscreveram para se manifestarem na tribuna da casa, mas foram impedidos, j\u00e1 que, a sess\u00e3o n\u00e3o p\u00f4de continuar.<\/span><\/p>\n<p><a href=\"http:\/\/www.maisbn.com\/portal\/wp-content\/uploads\/2016\/09\/reajustevereadores00002.jpg\"><img loading=\"lazy\" decoding=\"async\" class=\"aligncenter size-full wp-image-12438\" src=\"http:\/\/www.maisbn.com\/portal\/wp-content\/uploads\/2016\/09\/reajustevereadores00002.jpg\" alt=\"reajustevereadores00002\" width=\"650\" height=\"412\" \/><\/a><\/p>\n<p><span style=\"color: #000000;\">O pol\u00eamico projeto de aumento teve a sua primeira vota\u00e7\u00e3o no dia 29\/08 e disponibiliza para o pr\u00f3ximo ano um sal\u00e1rio de R$ 7.500,00 (Sete Mil e Quinhentos) para vereadores e\u00a0R$ 5.000,00 (Cinco Mil Reais) para os secret\u00e1rios municipais. O projeto tamb\u00e9m disponibiliza para o futuro prefeito um sal\u00e1rio de R$ 15.000,00 (Quinze Mil Reais). A segunda vota\u00e7\u00e3o era para ter acontecido no \u00faltimo dia 05\/09, mas a sess\u00e3o teve de ser encerrada porque o grande n\u00famero de pessoas que estavam assistindo se revoltou e protestou contra o reajuste.<\/span><\/p>\n<p><img loading=\"lazy\" decoding=\"async\" class=\"aligncenter size-full wp-image-12192\" src=\"http:\/\/www.maisbn.com\/portal\/wp-content\/uploads\/2016\/09\/votacaoreajuste00004.jpg\" alt=\"votacaoreajuste00004\" width=\"650\" height=\"412\" \/><\/p>\n<p><span style=\"color: #000000;\">Todas as pessoas que estiveram presentes e se manifestaram comentaram que ir\u00e3o assistir todas as sess\u00f5es e que o objetivo \u00e9 n\u00e3o deixar que o reajuste seja aprovado. Tamb\u00e9m est\u00e1 sendo programada uma grande manifesta\u00e7\u00e3o para conscientizar as pessoas e trazer mais gente para pressionar os vereadores a desistirem do projeto.<\/span><\/p>\n<p><span style=\"color: #000000;\">Os vereadores que faltaram foram: Turista, C\u00e9lio (Tiofin), Carvalho, Daco (que est\u00e1 de atestado), Lilico e Rosildo.<\/span><\/p>\n<p>&nbsp;<\/p>\n","protected":false},"excerpt":{"rendered":"<p>Uma popula\u00e7\u00e3o revoltada foi o que os vereadores de Belmonte encontraram na \u00faltima sess\u00e3o realizada nessa segunda-feira (19\/09) e o motivo de toda a confus\u00e3o \u00e9 um projeto de lei que pretende reajustar os sal\u00e1rios dos edis, do prefeito, do vice e dos secret\u00e1rios municipais. A sess\u00e3o, que come\u00e7ou por volta das 19:30 sob prote\u00e7\u00e3o [&hellip;]<\/p>\n","protected":false},"author":7,"featured_media":12437,"comment_status":"open","ping_status":"open","sticky":false,"template":"","format":"standard","meta":{"footnotes":""},"categories":[45,1],"tags":[108],"class_list":["post-12436","post","type-post","status-publish","format-standard","has-post-thumbnail","hentry","category-cidades","category-noticias","tag-belmonte"],"_links":{"self":[{"href":"https:\/\/www.maisbn.com\/portal\/wp-json\/wp\/v2\/posts\/12436","targetHints":{"allow":["GET"]}}],"collection":[{"href":"https:\/\/www.maisbn.com\/portal\/wp-json\/wp\/v2\/posts"}],"about":[{"href":"https:\/\/www.maisbn.com\/portal\/wp-json\/wp\/v2\/types\/post"}],"author":[{"embeddable":true,"href":"https:\/\/www.maisbn.com\/portal\/wp-json\/wp\/v2\/users\/7"}],"replies":[{"embeddable":true,"href":"https:\/\/www.maisbn.com\/portal\/wp-json\/wp\/v2\/comments?post=12436"}],"version-history":[{"count":1,"href":"https:\/\/www.maisbn.com\/portal\/wp-json\/wp\/v2\/posts\/12436\/revisions"}],"predecessor-version":[{"id":12439,"href":"https:\/\/www.maisbn.com\/portal\/wp-json\/wp\/v2\/posts\/12436\/revisions\/12439"}],"wp:featuredmedia":[{"embeddable":true,"href":"https:\/\/www.maisbn.com\/portal\/wp-json\/wp\/v2\/media\/12437"}],"wp:attachment":[{"href":"https:\/\/www.maisbn.com\/portal\/wp-json\/wp\/v2\/media?parent=12436"}],"wp:term":[{"taxonomy":"category","embeddable":true,"href":"https:\/\/www.maisbn.com\/portal\/wp-json\/wp\/v2\/categories?post=12436"},{"taxonomy":"post_tag","embeddable":true,"href":"https:\/\/www.maisbn.com\/portal\/wp-json\/wp\/v2\/tags?post=12436"}],"curies":[{"name":"wp","href":"https:\/\/api.w.org\/{rel}","templated":true}]}}