{"id":12425,"date":"2016-09-19T16:21:33","date_gmt":"2016-09-19T19:21:33","guid":{"rendered":"http:\/\/www.maisbn.com\/portal\/?p=12425"},"modified":"2016-09-20T00:37:27","modified_gmt":"2016-09-20T03:37:27","slug":"janio-natal-e-janival-fazem-comicio-em-barrolandia-e-dizem-estar-confiantes-na-vitoria","status":"publish","type":"post","link":"https:\/\/www.maisbn.com\/portal\/2016\/09\/janio-natal-e-janival-fazem-comicio-em-barrolandia-e-dizem-estar-confiantes-na-vitoria\/","title":{"rendered":"J\u00e2nio Natal e Janival fazem com\u00edcio em Barrol\u00e2ndia e dizem estar confiantes na vit\u00f3ria."},"content":{"rendered":"<p><span style=\"color: #000000;\">O Deputado e candidato a prefeito J\u00e2nio Natal e seu irm\u00e3o e vice Janival Andrade realizaram mais um evento pol\u00edtico neste domingo (18\/09). Estamos falando do com\u00edcio realizado em Barrol\u00e2ndia que reuniu um grande n\u00famero de pessoas para ouvir as propostas dos candidatos do grupo pol\u00edtico do 19.<\/span><\/p>\n<p><a href=\"http:\/\/www.maisbn.com\/portal\/wp-content\/uploads\/2016\/09\/comiciojanio00003.jpg\"><img loading=\"lazy\" decoding=\"async\" class=\"aligncenter size-full wp-image-12426\" src=\"http:\/\/www.maisbn.com\/portal\/wp-content\/uploads\/2016\/09\/comiciojanio00003.jpg\" alt=\"comiciojanio00003\" width=\"650\" height=\"412\" \/><\/a><\/p>\n<p><span style=\"color: #000000;\">O evento come\u00e7ou com uma caminhada que saiu da porta do comit\u00ea de campanha e passou por v\u00e1rias ruas de Barrol\u00e2ndia at\u00e9 chegar ao local onde estava montado o palco. O com\u00edcio foi iniciado pela execu\u00e7\u00e3o do Hino Nacional Brasileiro e logo ap\u00f3s foi a vez dos candidatos a vereador falarem e mostrarem suas propostas para o p\u00fablico.<\/span><\/p>\n<p><a href=\"http:\/\/www.maisbn.com\/portal\/wp-content\/uploads\/2016\/09\/comiciojanio00035.jpg\"><img loading=\"lazy\" decoding=\"async\" class=\"aligncenter size-full wp-image-12427\" src=\"http:\/\/www.maisbn.com\/portal\/wp-content\/uploads\/2016\/09\/comiciojanio00035.jpg\" alt=\"comiciojanio00035\" width=\"650\" height=\"412\" \/><\/a><\/p>\n<p><span style=\"color: #000000;\">O candidato a vice Janival Andrade tamb\u00e9m fez o seu pronunciamento e disse estar emocionado com o acolhimento e o carinho demonstrado pelo povo de Barrol\u00e2ndia.<\/span><\/p>\n<p><a href=\"http:\/\/www.maisbn.com\/portal\/wp-content\/uploads\/2016\/09\/comiciojanio00038.jpg\"><img loading=\"lazy\" decoding=\"async\" class=\"aligncenter wp-image-12431 size-full\" src=\"http:\/\/www.maisbn.com\/portal\/wp-content\/uploads\/2016\/09\/comiciojanio00038.jpg\" alt=\"\" width=\"650\" height=\"412\" \/><\/a><\/p>\n<p><span style=\"color: #000000;\">Logo ap\u00f3s J\u00e2nio Natal tomou a palavra e foi enf\u00e1tico em dizer que n\u00e3o permitia nenhum tipo de ataque \u00e0s fam\u00edlias belmontenses. Mais uma vez J\u00e2nio condenou as agress\u00f5es sofridas pelas diretoras de Barrol\u00e2ndia e que nunca aceitaria que ningu\u00e9m b\u00eabado subisse em seu com\u00edcio para desmerecer a honra de quem quer que fosse. <\/span><\/p>\n<p><a href=\"http:\/\/www.maisbn.com\/portal\/wp-content\/uploads\/2016\/09\/comiciojanio00046.jpg\"><img loading=\"lazy\" decoding=\"async\" class=\"aligncenter wp-image-12430 size-full\" src=\"http:\/\/www.maisbn.com\/portal\/wp-content\/uploads\/2016\/09\/comiciojanio00046.jpg\" alt=\"\" width=\"650\" height=\"412\" \/><\/a><\/p>\n<p><span style=\"color: #000000;\">J\u00e2nio tamb\u00e9m aproveitou para mostrar suas propostas e ressaltou as realiza\u00e7\u00f5es das suas duas gest\u00f5es em Belmonte. O mesmo ainda negou os fatos atribu\u00eddos a ele pelos seus advers\u00e1rios como a t\u00e3o propagada venda da Maur\u00edlia para Eun\u00e1polis. O Deputado mais uma vez desafiou os seus advers\u00e1rios pol\u00edticos a provarem as acusa\u00e7\u00f5es as quais ele se referiu como infundadas e puras manobras de desesperados tentando confundir a popula\u00e7\u00e3o.<\/span><\/p>\n<p><a href=\"http:\/\/www.maisbn.com\/portal\/wp-content\/uploads\/2016\/09\/comiciojanio00023.jpg\"><img loading=\"lazy\" decoding=\"async\" class=\"aligncenter size-full wp-image-12429\" src=\"http:\/\/www.maisbn.com\/portal\/wp-content\/uploads\/2016\/09\/comiciojanio00023.jpg\" alt=\"comiciojanio00023\" width=\"650\" height=\"412\" \/><\/a><\/p>\n<p><span style=\"color: #000000;\">Os organizadores consideraram o evento um sucesso de p\u00fablico, j\u00e1 que, os advers\u00e1rios do deputado estavam fazendo com\u00edcios em Santa Maria Eterna e Belmonte. Os mesmos ainda prometeram surpresas nos pr\u00f3ximos eventos e que confiam que a vit\u00f3ria do deputado e seu irm\u00e3o \u00e9 apenas uma quest\u00e3o de tempo.<\/span><\/p>\n<p><span style=\"color: #ff0000;\"><em>Fotos: Portal do Guaiamum<\/em><\/span><\/p>\n","protected":false},"excerpt":{"rendered":"<p>O Deputado e candidato a prefeito J\u00e2nio Natal e seu irm\u00e3o e vice Janival Andrade realizaram mais um evento pol\u00edtico neste domingo (18\/09). Estamos falando do com\u00edcio realizado em Barrol\u00e2ndia que reuniu um grande n\u00famero de pessoas para ouvir as propostas dos candidatos do grupo pol\u00edtico do 19. O evento come\u00e7ou com uma caminhada que [&hellip;]<\/p>\n","protected":false},"author":7,"featured_media":12431,"comment_status":"open","ping_status":"open","sticky":false,"template":"","format":"standard","meta":{"footnotes":""},"categories":[1],"tags":[108],"class_list":["post-12425","post","type-post","status-publish","format-standard","has-post-thumbnail","hentry","category-noticias","tag-belmonte"],"_links":{"self":[{"href":"https:\/\/www.maisbn.com\/portal\/wp-json\/wp\/v2\/posts\/12425","targetHints":{"allow":["GET"]}}],"collection":[{"href":"https:\/\/www.maisbn.com\/portal\/wp-json\/wp\/v2\/posts"}],"about":[{"href":"https:\/\/www.maisbn.com\/portal\/wp-json\/wp\/v2\/types\/post"}],"author":[{"embeddable":true,"href":"https:\/\/www.maisbn.com\/portal\/wp-json\/wp\/v2\/users\/7"}],"replies":[{"embeddable":true,"href":"https:\/\/www.maisbn.com\/portal\/wp-json\/wp\/v2\/comments?post=12425"}],"version-history":[{"count":2,"href":"https:\/\/www.maisbn.com\/portal\/wp-json\/wp\/v2\/posts\/12425\/revisions"}],"predecessor-version":[{"id":12433,"href":"https:\/\/www.maisbn.com\/portal\/wp-json\/wp\/v2\/posts\/12425\/revisions\/12433"}],"wp:featuredmedia":[{"embeddable":true,"href":"https:\/\/www.maisbn.com\/portal\/wp-json\/wp\/v2\/media\/12431"}],"wp:attachment":[{"href":"https:\/\/www.maisbn.com\/portal\/wp-json\/wp\/v2\/media?parent=12425"}],"wp:term":[{"taxonomy":"category","embeddable":true,"href":"https:\/\/www.maisbn.com\/portal\/wp-json\/wp\/v2\/categories?post=12425"},{"taxonomy":"post_tag","embeddable":true,"href":"https:\/\/www.maisbn.com\/portal\/wp-json\/wp\/v2\/tags?post=12425"}],"curies":[{"name":"wp","href":"https:\/\/api.w.org\/{rel}","templated":true}]}}