{"id":12408,"date":"2016-09-19T15:05:44","date_gmt":"2016-09-19T18:05:44","guid":{"rendered":"http:\/\/www.maisbn.com\/portal\/?p=12408"},"modified":"2016-09-19T15:07:33","modified_gmt":"2016-09-19T18:07:33","slug":"12408","status":"publish","type":"post","link":"https:\/\/www.maisbn.com\/portal\/2016\/09\/12408\/","title":{"rendered":"Grupo Pol\u00edtico do candidato a Prefeito I\u00eado Elias realiza com\u00edcio no Bairro da Ponta de Areia."},"content":{"rendered":"<p><span style=\"color: #000000;\">No \u00faltimo domingo (18\/09) o Grupo Pol\u00edtico do ex-prefeito I\u00eado Elias realizou seu segundo com\u00edcio dessas elei\u00e7\u00f5es e o primeiro em Belmonte. O evento come\u00e7ou com uma caminhada que saiu da frente do antigo Beijo Gelado e seguiu at\u00e9 o Bairro da Ponta de Areia onde estava um palco armado para o evento.<\/span><\/p>\n<p><a href=\"http:\/\/www.maisbn.com\/portal\/wp-content\/uploads\/2016\/09\/iedosbelmonte00019.jpg\"><img loading=\"lazy\" decoding=\"async\" class=\"aligncenter size-full wp-image-12409\" src=\"http:\/\/www.maisbn.com\/portal\/wp-content\/uploads\/2016\/09\/iedosbelmonte00019.jpg\" alt=\"iedosbelmonte00019\" width=\"650\" height=\"412\" \/><\/a><\/p>\n<p><span style=\"color: #000000;\">I\u00eado Elias, Flavielle de S\u00e1, candidatos a vereador e correligion\u00e1rios durante todo o percursos cumprimentou as pessoas e foram felicitados por simpatizantes do ex-prefeito. Algumas pessoas acompanharam a caminhada com carros, motos e bicicletas. O evento ainda contou com os carros de som dos candidatos que a todo momento tocava os jingles da campanha.<\/span><\/p>\n<p><a href=\"http:\/\/www.maisbn.com\/portal\/wp-content\/uploads\/2016\/09\/iedosbelmonte00012.jpg\"><img loading=\"lazy\" decoding=\"async\" class=\"aligncenter size-full wp-image-12410\" src=\"http:\/\/www.maisbn.com\/portal\/wp-content\/uploads\/2016\/09\/iedosbelmonte00012.jpg\" alt=\"iedosbelmonte00012\" width=\"650\" height=\"412\" \/><\/a><\/p>\n<p><span style=\"color: #000000;\">V\u00e1rios candidatos a vereador discursaram, falaram dos problemas da cidade e apresentaram suas propostas.\u00a0 Ao usar o microfone em seu discurso, o candidato a vice-prefeito Flavielle de S\u00e1 (PP), falou da import\u00e2ncia de se criar alternativas econ\u00f4micas para que o munic\u00edpio de Belmonte n\u00e3o dependa exclusivamente da prefeitura. \u201cBelmonte precisa voltar a ter for\u00e7a que tinha no governo de I\u00eado, com empregos e gera\u00e7\u00e3o de renda, mas para isso, precisamos pensar adiante, fortalecendo a \u00e1rea tur\u00edstica da cidade, investindo em projetos agr\u00edcolas e incentivar empreendimentos em nosso munic\u00edpio\u201d, relatou Flavielle.<\/span><\/p>\n<p><a href=\"http:\/\/www.maisbn.com\/portal\/wp-content\/uploads\/2016\/09\/iedosbelmonte00015.jpg\"><img loading=\"lazy\" decoding=\"async\" class=\"aligncenter size-full wp-image-12411\" src=\"http:\/\/www.maisbn.com\/portal\/wp-content\/uploads\/2016\/09\/iedosbelmonte00015.jpg\" alt=\"iedosbelmonte00015\" width=\"650\" height=\"412\" \/><\/a><\/p>\n<p><span style=\"color: #000000;\">O candidato I\u00eado Elias tamb\u00e9m fez o seu discurso que foi direcionado a tecer cr\u00edticas \u00e0 atual gest\u00e3o e se colocou como a solu\u00e7\u00e3o que Belmonte precisa prometendo um governo de seriedade e transpar\u00eancia imitando os tempos em que o mesmo comandou a cidade.<\/span><\/p>\n<p><a href=\"http:\/\/www.maisbn.com\/portal\/wp-content\/uploads\/2016\/09\/iedosbelmonte00018.jpg\"><img loading=\"lazy\" decoding=\"async\" class=\"aligncenter size-full wp-image-12412\" src=\"http:\/\/www.maisbn.com\/portal\/wp-content\/uploads\/2016\/09\/iedosbelmonte00018.jpg\" alt=\"iedosbelmonte00018\" width=\"650\" height=\"412\" \/><\/a><\/p>\n<p><span style=\"color: #000000;\">Apesar do grande n\u00famero de pessoas, o evento foi realizado sem ocorr\u00eancias policiais. A Policia Militar acompanhou a caminhada e fez a seguran\u00e7a durante o com\u00edcio.<\/span><\/p>\n<p><span style=\"color: #ff0000;\"><em>Fotos: Djalma Pontes<\/em><\/span><\/p>\n","protected":false},"excerpt":{"rendered":"<p>No \u00faltimo domingo (18\/09) o Grupo Pol\u00edtico do ex-prefeito I\u00eado Elias realizou seu segundo com\u00edcio dessas elei\u00e7\u00f5es e o primeiro em Belmonte. O evento come\u00e7ou com uma caminhada que saiu da frente do antigo Beijo Gelado e seguiu at\u00e9 o Bairro da Ponta de Areia onde estava um palco armado para o evento. I\u00eado Elias, [&hellip;]<\/p>\n","protected":false},"author":7,"featured_media":12410,"comment_status":"open","ping_status":"open","sticky":false,"template":"","format":"standard","meta":{"footnotes":""},"categories":[1,7],"tags":[108],"class_list":["post-12408","post","type-post","status-publish","format-standard","has-post-thumbnail","hentry","category-noticias","category-politica","tag-belmonte"],"_links":{"self":[{"href":"https:\/\/www.maisbn.com\/portal\/wp-json\/wp\/v2\/posts\/12408","targetHints":{"allow":["GET"]}}],"collection":[{"href":"https:\/\/www.maisbn.com\/portal\/wp-json\/wp\/v2\/posts"}],"about":[{"href":"https:\/\/www.maisbn.com\/portal\/wp-json\/wp\/v2\/types\/post"}],"author":[{"embeddable":true,"href":"https:\/\/www.maisbn.com\/portal\/wp-json\/wp\/v2\/users\/7"}],"replies":[{"embeddable":true,"href":"https:\/\/www.maisbn.com\/portal\/wp-json\/wp\/v2\/comments?post=12408"}],"version-history":[{"count":3,"href":"https:\/\/www.maisbn.com\/portal\/wp-json\/wp\/v2\/posts\/12408\/revisions"}],"predecessor-version":[{"id":12415,"href":"https:\/\/www.maisbn.com\/portal\/wp-json\/wp\/v2\/posts\/12408\/revisions\/12415"}],"wp:featuredmedia":[{"embeddable":true,"href":"https:\/\/www.maisbn.com\/portal\/wp-json\/wp\/v2\/media\/12410"}],"wp:attachment":[{"href":"https:\/\/www.maisbn.com\/portal\/wp-json\/wp\/v2\/media?parent=12408"}],"wp:term":[{"taxonomy":"category","embeddable":true,"href":"https:\/\/www.maisbn.com\/portal\/wp-json\/wp\/v2\/categories?post=12408"},{"taxonomy":"post_tag","embeddable":true,"href":"https:\/\/www.maisbn.com\/portal\/wp-json\/wp\/v2\/tags?post=12408"}],"curies":[{"name":"wp","href":"https:\/\/api.w.org\/{rel}","templated":true}]}}