{"id":12401,"date":"2016-09-19T12:19:09","date_gmt":"2016-09-19T15:19:09","guid":{"rendered":"http:\/\/www.maisbn.com\/portal\/?p=12401"},"modified":"2016-09-19T12:19:09","modified_gmt":"2016-09-19T15:19:09","slug":"coligacao-por-uma-belmonte-que-queremos-realiza-primeiro-comicio-em-barrolandia","status":"publish","type":"post","link":"https:\/\/www.maisbn.com\/portal\/2016\/09\/coligacao-por-uma-belmonte-que-queremos-realiza-primeiro-comicio-em-barrolandia\/","title":{"rendered":"Coliga\u00e7\u00e3o &#8216;Por uma Belmonte que Queremos&#8217; realiza primeiro com\u00edcio em Barrol\u00e2ndia."},"content":{"rendered":"<p>O grupo pol\u00edtico do ex-prefeito I\u00eado Elias realizou uma sequ\u00eancia de com\u00edcios nesse final de semana em Belmonte onde o primeiro com\u00edcio foi no s\u00e1bado (17\/09) no distrito de Barrol\u00e2ndia.<\/p>\n<p><a href=\"http:\/\/www.maisbn.com\/portal\/wp-content\/uploads\/2016\/09\/iedosbarrolandia00001.jpg\"><img loading=\"lazy\" decoding=\"async\" class=\"aligncenter size-full wp-image-12402\" src=\"http:\/\/www.maisbn.com\/portal\/wp-content\/uploads\/2016\/09\/iedosbarrolandia00001.jpg\" alt=\"iedosbarrolandia00001\" width=\"650\" height=\"412\" \/><\/a><\/p>\n<p><span style=\"color: #000000;\">A sequ\u00eancia de eventos em Barrol\u00e2ndia come\u00e7ou pela tarde onde a Coliga\u00e7\u00e3o de apoio ao ex-prefeito realizou uma caminhada de mulheres pelas principais ruas do distrito. A caminhada foi realizada pela Sr\u00aa. Jaucinte Tedesco, esposa do candidato a vice Flavielle de S\u00e1, e teve o nome de \u201cCaminhada pelo Empoderamento da Mulher na Pol\u00edtica&#8221;. O evento tamb\u00e9m contou com a presen\u00e7a da esposa do candidato I\u00eado Elias, a Juiza Dr\u00aa. Tarc\u00edzia Fonseca.<\/span><\/p>\n<p><span style=\"color: #000000;\"><a style=\"color: #000000;\" href=\"http:\/\/www.maisbn.com\/portal\/wp-content\/uploads\/2016\/09\/comiciodeiedoembarrolandia00026.jpg\"><img loading=\"lazy\" decoding=\"async\" class=\"aligncenter size-full wp-image-12400\" src=\"http:\/\/www.maisbn.com\/portal\/wp-content\/uploads\/2016\/09\/comiciodeiedoembarrolandia00026.jpg\" alt=\"comiciodeiedoembarrolandia00026\" width=\"650\" height=\"412\" \/><\/a><\/span><\/p>\n<p><span style=\"color: #000000;\">\u00c0 noite aconteceu uma caminhada que saiu da entrada do Distrito e se dirigiu at\u00e9 a Rua dos Artistas, local onde estava montado o palco do com\u00edcio. Na caminhada participaram o candidato I\u00eado Elias e seu vice Flavielle de S\u00e1, correligion\u00e1rios e simpatizantes do ex-prefeito.<\/span><\/p>\n<p><span style=\"color: #000000;\"><a style=\"color: #000000;\" href=\"http:\/\/www.maisbn.com\/portal\/wp-content\/uploads\/2016\/09\/comiciodeiedoembarrolandia00133.jpg\"><img loading=\"lazy\" decoding=\"async\" class=\"aligncenter size-full wp-image-12403\" src=\"http:\/\/www.maisbn.com\/portal\/wp-content\/uploads\/2016\/09\/comiciodeiedoembarrolandia00133.jpg\" alt=\"comiciodeiedoembarrolandia00133\" width=\"650\" height=\"412\" \/><\/a><\/span><\/p>\n<p><span style=\"color: #000000;\">Durante o com\u00edcio v\u00e1rios discursos enfatizaram as conquistas das duas gest\u00f5es de I\u00eado Elias. Em seu discurso o candidato I\u00eado Elias n\u00e3o poupou ataques \u00e0 Prefeita Alice Britto e ao ex-candidato a vice Albervan Nunes. Tamb\u00e9m comentou sobre a situa\u00e7\u00e3o dos candidatos a Vereador Beto e Z\u00e9 Raimundo do INSS que encontra-se com o partido coligado ao grupo do Deputado J\u00e2nio Natal por for\u00e7a de uma decis\u00e3o judicial. I\u00eado revelou que a situa\u00e7\u00e3o dos dois ser\u00e1 resolvida assim que for julgado um recurso proposto pela sua coliga\u00e7\u00e3o que se encontra em Salvador.<\/span><\/p>\n<p><span style=\"color: #000000;\"><a style=\"color: #000000;\" href=\"http:\/\/www.maisbn.com\/portal\/wp-content\/uploads\/2016\/09\/comiciodeiedoembarrolandia00127.jpg\"><img loading=\"lazy\" decoding=\"async\" class=\"aligncenter size-full wp-image-12404\" src=\"http:\/\/www.maisbn.com\/portal\/wp-content\/uploads\/2016\/09\/comiciodeiedoembarrolandia00127.jpg\" alt=\"comiciodeiedoembarrolandia00127\" width=\"650\" height=\"412\" \/><\/a><\/span><\/p>\n<p><span style=\"color: #000000;\">O candidato a vice Flavielle tamb\u00e9m fez o seu discurso e disse estar orgulhoso de fazer parte da chapa de I\u00eado Elias e comentou que estavam disputando tr\u00eas grupos pol\u00edticos que j\u00e1 administraram a cidade e que o povo analisasse e escolhesse qual seria o melhor para a cidade.<\/span><\/p>\n<p><a href=\"http:\/\/www.maisbn.com\/portal\/wp-content\/uploads\/2016\/09\/comiciodeiedoembarrolandia00137.jpg\"><img loading=\"lazy\" decoding=\"async\" class=\"aligncenter size-full wp-image-12405\" src=\"http:\/\/www.maisbn.com\/portal\/wp-content\/uploads\/2016\/09\/comiciodeiedoembarrolandia00137.jpg\" alt=\"comiciodeiedoembarrolandia00137\" width=\"650\" height=\"412\" \/><\/a><\/p>\n<p><span style=\"color: #000000;\">Ao final todos agradeceram \u00e0s pessoas pela presen\u00e7a no evento e convidaram para o pr\u00f3ximo com\u00edcio que iria acontecer em Belmonte.<\/span><\/p>\n","protected":false},"excerpt":{"rendered":"<p>O grupo pol\u00edtico do ex-prefeito I\u00eado Elias realizou uma sequ\u00eancia de com\u00edcios nesse final de semana em Belmonte onde o primeiro com\u00edcio foi no s\u00e1bado (17\/09) no distrito de Barrol\u00e2ndia. A sequ\u00eancia de eventos em Barrol\u00e2ndia come\u00e7ou pela tarde onde a Coliga\u00e7\u00e3o de apoio ao ex-prefeito realizou uma caminhada de mulheres pelas principais ruas do [&hellip;]<\/p>\n","protected":false},"author":7,"featured_media":12403,"comment_status":"open","ping_status":"open","sticky":false,"template":"","format":"standard","meta":{"footnotes":""},"categories":[1,7],"tags":[108],"class_list":["post-12401","post","type-post","status-publish","format-standard","has-post-thumbnail","hentry","category-noticias","category-politica","tag-belmonte"],"_links":{"self":[{"href":"https:\/\/www.maisbn.com\/portal\/wp-json\/wp\/v2\/posts\/12401","targetHints":{"allow":["GET"]}}],"collection":[{"href":"https:\/\/www.maisbn.com\/portal\/wp-json\/wp\/v2\/posts"}],"about":[{"href":"https:\/\/www.maisbn.com\/portal\/wp-json\/wp\/v2\/types\/post"}],"author":[{"embeddable":true,"href":"https:\/\/www.maisbn.com\/portal\/wp-json\/wp\/v2\/users\/7"}],"replies":[{"embeddable":true,"href":"https:\/\/www.maisbn.com\/portal\/wp-json\/wp\/v2\/comments?post=12401"}],"version-history":[{"count":1,"href":"https:\/\/www.maisbn.com\/portal\/wp-json\/wp\/v2\/posts\/12401\/revisions"}],"predecessor-version":[{"id":12406,"href":"https:\/\/www.maisbn.com\/portal\/wp-json\/wp\/v2\/posts\/12401\/revisions\/12406"}],"wp:featuredmedia":[{"embeddable":true,"href":"https:\/\/www.maisbn.com\/portal\/wp-json\/wp\/v2\/media\/12403"}],"wp:attachment":[{"href":"https:\/\/www.maisbn.com\/portal\/wp-json\/wp\/v2\/media?parent=12401"}],"wp:term":[{"taxonomy":"category","embeddable":true,"href":"https:\/\/www.maisbn.com\/portal\/wp-json\/wp\/v2\/categories?post=12401"},{"taxonomy":"post_tag","embeddable":true,"href":"https:\/\/www.maisbn.com\/portal\/wp-json\/wp\/v2\/tags?post=12401"}],"curies":[{"name":"wp","href":"https:\/\/api.w.org\/{rel}","templated":true}]}}