{"id":12382,"date":"2016-09-17T11:20:55","date_gmt":"2016-09-17T14:20:55","guid":{"rendered":"http:\/\/www.maisbn.com\/portal\/?p=12382"},"modified":"2016-09-17T11:53:07","modified_gmt":"2016-09-17T14:53:07","slug":"candidato-a-vereador-jorge-passos-inaugura-comite-em-santa-maria-eterna","status":"publish","type":"post","link":"https:\/\/www.maisbn.com\/portal\/2016\/09\/candidato-a-vereador-jorge-passos-inaugura-comite-em-santa-maria-eterna\/","title":{"rendered":"Candidato a Vereador Jorge Passos inaugura comit\u00ea em Santa Maria Eterna."},"content":{"rendered":"<p><a href=\"http:\/\/www.maisbn.com\/portal\/wp-content\/uploads\/2016\/09\/iedosantamaria00001.jpg\"><img loading=\"lazy\" decoding=\"async\" class=\"aligncenter size-full wp-image-12385\" src=\"http:\/\/www.maisbn.com\/portal\/wp-content\/uploads\/2016\/09\/iedosantamaria00001.jpg\" alt=\"iedosantamaria00001\" width=\"650\" height=\"412\" \/><\/a><\/p>\n<p><span style=\"color: #000000;\">Na \u00faltima sexta-feira (16\/09) o grupo pol\u00edtico do ex-prefeito I\u00eado Elias concentrou as suas a\u00e7\u00f5es no distrito de Santa Maria Eterna. Estamos falando da inaugura\u00e7\u00e3o do comit\u00ea do candidato a vereador Jorge Passos que est\u00e1 localizado no centro do distrito.<\/span><\/p>\n<p><a href=\"http:\/\/www.maisbn.com\/portal\/wp-content\/uploads\/2016\/09\/iedosantamaria00004.jpg\"><img loading=\"lazy\" decoding=\"async\" class=\"aligncenter size-full wp-image-12383\" src=\"http:\/\/www.maisbn.com\/portal\/wp-content\/uploads\/2016\/09\/iedosantamaria00004.jpg\" alt=\"iedosantamaria00004\" width=\"650\" height=\"412\" \/><\/a><\/p>\n<p><span style=\"color: #000000;\">O candidato I\u00eado Elias n\u00e3o esteve presente no evento e foi representado por Flavielle de S\u00e1, seu vice. Os organizadores consideraram o evento um sucesso e comentaram que o Grupo pol\u00edtico do candidato I\u00eado Elias vem investindo muito em Jorge Passos por entender que ele \u00e9 um nome forte dentro da comunidade.<\/span><\/p>\n<p><a href=\"http:\/\/www.maisbn.com\/portal\/wp-content\/uploads\/2016\/09\/iedosantamaria00002.jpg\"><img loading=\"lazy\" decoding=\"async\" class=\"aligncenter size-full wp-image-12384\" src=\"http:\/\/www.maisbn.com\/portal\/wp-content\/uploads\/2016\/09\/iedosantamaria00002.jpg\" alt=\"iedosantamaria00002\" width=\"650\" height=\"412\" \/><\/a><\/p>\n<p><span style=\"color: #000000;\">O grupo se prepara agora para o com\u00edcio que ser\u00e1 realizado nesse s\u00e1bado (17\/09) no distrito de Barrol\u00e2ndia onde o candidato I\u00eado Elias estar\u00e1 presente e mostrar\u00e1 o seu programa de governo para aquela comunidade.<\/span><\/p>\n<p><span style=\"color: #ff0000;\">Fotos: Djalma Pontes<\/span><\/p>\n","protected":false},"excerpt":{"rendered":"<p>Na \u00faltima sexta-feira (16\/09) o grupo pol\u00edtico do ex-prefeito I\u00eado Elias concentrou as suas a\u00e7\u00f5es no distrito de Santa Maria Eterna. Estamos falando da inaugura\u00e7\u00e3o do comit\u00ea do candidato a vereador Jorge Passos que est\u00e1 localizado no centro do distrito. O candidato I\u00eado Elias n\u00e3o esteve presente no evento e foi representado por Flavielle de [&hellip;]<\/p>\n","protected":false},"author":7,"featured_media":12384,"comment_status":"open","ping_status":"open","sticky":false,"template":"","format":"standard","meta":{"footnotes":""},"categories":[1,7],"tags":[108],"class_list":["post-12382","post","type-post","status-publish","format-standard","has-post-thumbnail","hentry","category-noticias","category-politica","tag-belmonte"],"_links":{"self":[{"href":"https:\/\/www.maisbn.com\/portal\/wp-json\/wp\/v2\/posts\/12382","targetHints":{"allow":["GET"]}}],"collection":[{"href":"https:\/\/www.maisbn.com\/portal\/wp-json\/wp\/v2\/posts"}],"about":[{"href":"https:\/\/www.maisbn.com\/portal\/wp-json\/wp\/v2\/types\/post"}],"author":[{"embeddable":true,"href":"https:\/\/www.maisbn.com\/portal\/wp-json\/wp\/v2\/users\/7"}],"replies":[{"embeddable":true,"href":"https:\/\/www.maisbn.com\/portal\/wp-json\/wp\/v2\/comments?post=12382"}],"version-history":[{"count":4,"href":"https:\/\/www.maisbn.com\/portal\/wp-json\/wp\/v2\/posts\/12382\/revisions"}],"predecessor-version":[{"id":12389,"href":"https:\/\/www.maisbn.com\/portal\/wp-json\/wp\/v2\/posts\/12382\/revisions\/12389"}],"wp:featuredmedia":[{"embeddable":true,"href":"https:\/\/www.maisbn.com\/portal\/wp-json\/wp\/v2\/media\/12384"}],"wp:attachment":[{"href":"https:\/\/www.maisbn.com\/portal\/wp-json\/wp\/v2\/media?parent=12382"}],"wp:term":[{"taxonomy":"category","embeddable":true,"href":"https:\/\/www.maisbn.com\/portal\/wp-json\/wp\/v2\/categories?post=12382"},{"taxonomy":"post_tag","embeddable":true,"href":"https:\/\/www.maisbn.com\/portal\/wp-json\/wp\/v2\/tags?post=12382"}],"curies":[{"name":"wp","href":"https:\/\/api.w.org\/{rel}","templated":true}]}}