{"id":12371,"date":"2016-09-17T10:52:36","date_gmt":"2016-09-17T13:52:36","guid":{"rendered":"http:\/\/www.maisbn.com\/portal\/?p=12371"},"modified":"2016-09-17T10:52:36","modified_gmt":"2016-09-17T13:52:36","slug":"janio-natal-e-janival-fazem-caminhada-pelas-ruas-de-belmonte-e-visitam-comunidades","status":"publish","type":"post","link":"https:\/\/www.maisbn.com\/portal\/2016\/09\/janio-natal-e-janival-fazem-caminhada-pelas-ruas-de-belmonte-e-visitam-comunidades\/","title":{"rendered":"J\u00e2nio Natal e Janival fazem caminhada pelas ruas de Belmonte e visitam comunidades."},"content":{"rendered":"<p><a href=\"http:\/\/www.maisbn.com\/portal\/wp-content\/uploads\/2016\/09\/passeatadejanionatal00008.jpg\"><img loading=\"lazy\" decoding=\"async\" class=\"aligncenter size-full wp-image-12372\" src=\"http:\/\/www.maisbn.com\/portal\/wp-content\/uploads\/2016\/09\/passeatadejanionatal00008.jpg\" alt=\"passeatadejanionatal00008\" width=\"650\" height=\"412\" \/><\/a><\/p>\n<p><span style=\"color: #000000;\">O deputado e candidato a prefeito J\u00e2nio Natal e seu irm\u00e3o e vice Janival Andrade cumpriram mais um compromisso de campanha nessa sexta-feira (16\/09). Estamos falando da caminhada onde participaram correligion\u00e1rios, simpatizantes e candidatos a vereador da coliga\u00e7\u00e3o que levou um grande n\u00famero de pessoas pelas principais ruas de Belmonte.<\/span><\/p>\n<p><span style=\"color: #000000;\"><a style=\"color: #000000;\" href=\"http:\/\/www.maisbn.com\/portal\/wp-content\/uploads\/2016\/09\/mosaico_passeatajanio.jpg\"><img loading=\"lazy\" decoding=\"async\" class=\"aligncenter size-full wp-image-12373\" src=\"http:\/\/www.maisbn.com\/portal\/wp-content\/uploads\/2016\/09\/mosaico_passeatajanio.jpg\" alt=\"mosaico_passeatajanio\" width=\"700\" height=\"450\" \/><\/a><\/span><\/p>\n<p><span style=\"color: #000000;\">J\u00e2nio Natal aproveitou o momento para cumprimentar as pessoas que acenavam para ele e seu irm\u00e3o. O candidato ainda visitou algumas casas e recebeu o carinho das comunidades por onde passou. &#8220;Eu percebo o carinho das pessoas porque a gest\u00e3o de J\u00e2nio Natal ficou marcada na hist\u00f3ria da cidade. Eu estou com ele porque acredito que juntos podemos trazer grande melhorias para o nosso munic\u00edpio.&#8221; &#8211; Comentou Janival.<\/span><\/p>\n<p><span style=\"color: #000000;\"><a style=\"color: #000000;\" href=\"http:\/\/www.maisbn.com\/portal\/wp-content\/uploads\/2016\/09\/passeatadejanionatal00272.jpg\"><img loading=\"lazy\" decoding=\"async\" class=\"aligncenter size-full wp-image-12374\" src=\"http:\/\/www.maisbn.com\/portal\/wp-content\/uploads\/2016\/09\/passeatadejanionatal00272.jpg\" alt=\"passeatadejanionatal00272\" width=\"650\" height=\"412\" \/><\/a><\/span><\/p>\n<p><span style=\"color: #000000;\">Ao final da caminhada J\u00e2nio e Janival tomaram a palavra e agradeceram a presen\u00e7a de todos e, mais uma vez, pediram uma pol\u00edtica de paz e respeito com as fam\u00edlias belmontenses.<\/span><\/p>\n","protected":false},"excerpt":{"rendered":"<p>O deputado e candidato a prefeito J\u00e2nio Natal e seu irm\u00e3o e vice Janival Andrade cumpriram mais um compromisso de campanha nessa sexta-feira (16\/09). Estamos falando da caminhada onde participaram correligion\u00e1rios, simpatizantes e candidatos a vereador da coliga\u00e7\u00e3o que levou um grande n\u00famero de pessoas pelas principais ruas de Belmonte. J\u00e2nio Natal aproveitou o momento [&hellip;]<\/p>\n","protected":false},"author":7,"featured_media":12372,"comment_status":"open","ping_status":"open","sticky":false,"template":"","format":"standard","meta":{"footnotes":""},"categories":[1,7],"tags":[108],"class_list":["post-12371","post","type-post","status-publish","format-standard","has-post-thumbnail","hentry","category-noticias","category-politica","tag-belmonte"],"_links":{"self":[{"href":"https:\/\/www.maisbn.com\/portal\/wp-json\/wp\/v2\/posts\/12371","targetHints":{"allow":["GET"]}}],"collection":[{"href":"https:\/\/www.maisbn.com\/portal\/wp-json\/wp\/v2\/posts"}],"about":[{"href":"https:\/\/www.maisbn.com\/portal\/wp-json\/wp\/v2\/types\/post"}],"author":[{"embeddable":true,"href":"https:\/\/www.maisbn.com\/portal\/wp-json\/wp\/v2\/users\/7"}],"replies":[{"embeddable":true,"href":"https:\/\/www.maisbn.com\/portal\/wp-json\/wp\/v2\/comments?post=12371"}],"version-history":[{"count":1,"href":"https:\/\/www.maisbn.com\/portal\/wp-json\/wp\/v2\/posts\/12371\/revisions"}],"predecessor-version":[{"id":12375,"href":"https:\/\/www.maisbn.com\/portal\/wp-json\/wp\/v2\/posts\/12371\/revisions\/12375"}],"wp:featuredmedia":[{"embeddable":true,"href":"https:\/\/www.maisbn.com\/portal\/wp-json\/wp\/v2\/media\/12372"}],"wp:attachment":[{"href":"https:\/\/www.maisbn.com\/portal\/wp-json\/wp\/v2\/media?parent=12371"}],"wp:term":[{"taxonomy":"category","embeddable":true,"href":"https:\/\/www.maisbn.com\/portal\/wp-json\/wp\/v2\/categories?post=12371"},{"taxonomy":"post_tag","embeddable":true,"href":"https:\/\/www.maisbn.com\/portal\/wp-json\/wp\/v2\/tags?post=12371"}],"curies":[{"name":"wp","href":"https:\/\/api.w.org\/{rel}","templated":true}]}}