{"id":12329,"date":"2016-09-13T23:18:49","date_gmt":"2016-09-14T02:18:49","guid":{"rendered":"http:\/\/www.maisbn.com\/portal\/?p=12329"},"modified":"2016-09-13T23:18:49","modified_gmt":"2016-09-14T02:18:49","slug":"grupo-politico-de-alice-britto-se-fortalece-com-a-indicacao-de-alvino-matos-como-vice","status":"publish","type":"post","link":"https:\/\/www.maisbn.com\/portal\/2016\/09\/grupo-politico-de-alice-britto-se-fortalece-com-a-indicacao-de-alvino-matos-como-vice\/","title":{"rendered":"Grupo pol\u00edtico de Alice Britto se fortalece com a indica\u00e7\u00e3o de Alvino Matos como vice."},"content":{"rendered":"<p><span style=\"color: #000000;\">Assim diz um velho ditado: &#8220;O que n\u00e3o nos mata, nos fortalece.&#8221; Essa \u00e9 a frase que d\u00e1 para definir o que aconteceu nesta segunda-feira (12\/09) com o grupo pol\u00edtico da Prefeita Alice Britto que viu o Albervan Nunes, seu candidato a vice, ter sua candidatura impugnada gra\u00e7as \u00e0 uma a\u00e7\u00e3o judicial movida pelo grupo pol\u00edtico do ex-prefeito I\u00eado Elias.<\/span><\/p>\n<p><a href=\"http:\/\/www.maisbn.com\/portal\/wp-content\/uploads\/2016\/09\/novovicealice00039.jpg\"><img loading=\"lazy\" decoding=\"async\" class=\"aligncenter size-full wp-image-12330\" src=\"http:\/\/www.maisbn.com\/portal\/wp-content\/uploads\/2016\/09\/novovicealice00039.jpg\" alt=\"novovicealice00039\" width=\"650\" height=\"412\" \/><\/a><\/p>\n<p><span style=\"color: #000000;\">Os advers\u00e1rios de Alice soltaram fogos, divulgaram mensagens em redes sociais e comemoraram o grande feito que foi tirar uma das pe\u00e7as fundamentais da campanha de reelei\u00e7\u00e3o de Alice Britto. Realmente foi uma grande jogada e o ex-prefeito I\u00eado Elias se mostrou um grande estrategista que precisa ser respeitado, mas, para a alegria de Alice Britto, ele n\u00e3o contava com uma situa\u00e7\u00e3o: A entrada do Vereador Alvino Matos para concorrer na posi\u00e7\u00e3o de vice na chapa da mesma no lugar de Albervan.<\/span><\/p>\n<p><a href=\"http:\/\/www.maisbn.com\/portal\/wp-content\/uploads\/2016\/09\/novovicealice00038.jpg\"><img loading=\"lazy\" decoding=\"async\" class=\"aligncenter size-full wp-image-12334\" src=\"http:\/\/www.maisbn.com\/portal\/wp-content\/uploads\/2016\/09\/novovicealice00038.jpg\" alt=\"novovicealice00038\" width=\"650\" height=\"412\" \/><\/a><\/p>\n<p><span style=\"color: #000000;\">A not\u00edcia caiu como uma bomba em toda a cidade e o grupo reanimou, ressurgindo das cinzas. Ningu\u00e9m imaginava que o Vereador aceitasse a proposta, j\u00e1 que, o mesmo j\u00e1 tinha sido convidado a ser vice at\u00e9 do pr\u00f3prio candidato I\u00eado Elias e n\u00e3o aceitou. Alvino falava abertamente a todos que estava encerrando a sua carreira pol\u00edtica e que desejava descansar.<\/span><\/p>\n<p>&nbsp;<\/p>\n<p><span style=\"color: #000000;\">Na mesma noite, depois de ter anunciado a candidatura do vereador Alvino, a Prefeita Alice Britto e Albervan Nunes fizeram uma reuni\u00e3o no comit\u00ea em Barrol\u00e2ndia para explicar o que aconteceu para a comunidade. A sede do comit\u00ea lotou de pessoas para ouvir a gestora que foi recebida com muita festa por seus correligion\u00e1rios.<\/span><\/p>\n<p><a href=\"http:\/\/www.maisbn.com\/portal\/wp-content\/uploads\/2016\/09\/novovicealice00012.jpg\"><img loading=\"lazy\" decoding=\"async\" class=\"aligncenter size-full wp-image-12332\" src=\"http:\/\/www.maisbn.com\/portal\/wp-content\/uploads\/2016\/09\/novovicealice00012.jpg\" alt=\"novovicealice00012\" width=\"650\" height=\"412\" \/><\/a><\/p>\n<p><span style=\"color: #000000;\">Albervan, apesar de ter sido impugnado, n\u00e3o demonstrou fraqueza diante do fato e proferiu um discurso aguerrido que contagiou os presentes. Em suas palavras Albervan Nunes comentou que n\u00e3o se sentia enfraquecido e que agora estava mais forte para enfrentar a trucul\u00eancia, as amea\u00e7as e as persegui\u00e7\u00f5es vindas dos seus advers\u00e1rios. &#8220;Eu perdi a chance de ser vice dessa grande mulher, mas sei que quem ocupou a minha vaga foi uma pessoa competente e s\u00e9ria que n\u00e3o tem uma m\u00e1cula em sua vida pol\u00edtica. Eu continuo com Alice e vou lutar por ela. Vamos ganhar e mostrar que pol\u00edtica n\u00e3o se faz com amea\u00e7as e dinheiro para tentar comprar as pessoas. Em minha hist\u00f3ria de vida nunca precisei perseguir e desrespeitar ningu\u00e9m. Estou de cabe\u00e7a erguida para vencer no dia 02 de outubro.&#8221; &#8211; Comentou Albervan.<\/span><\/p>\n<p><a href=\"http:\/\/www.maisbn.com\/portal\/wp-content\/uploads\/2016\/09\/novovicealice00042.jpg\"><img loading=\"lazy\" decoding=\"async\" class=\"aligncenter size-full wp-image-12336\" src=\"http:\/\/www.maisbn.com\/portal\/wp-content\/uploads\/2016\/09\/novovicealice00042.jpg\" alt=\"novovicealice00042\" width=\"650\" height=\"412\" \/><\/a><\/p>\n<p><span style=\"color: #000000;\">Alice em seu discurso agradeceu a Albervan Nunes pelo apoio e lamentou o ocorrido. A mesma colocou que a escolha de Alvino n\u00e3o desmerecia Barrol\u00e2ndia como os seus opositores estavam espalhando, j\u00e1 que, o nome do vereador \u00e9 respeitado em todos os arredores do munic\u00edpio. &#8220;Eles tentam plantar situa\u00e7\u00f5es que n\u00e3o existe. Todo o nosso grupo aceitou e aplaudiu a escolha de Alvino e eles est\u00e3o desesperados porque esse \u00e9 um forte nome para a disputa. Seu Alvino tamb\u00e9m receber\u00e1 amea\u00e7as, tamb\u00e9m ser\u00e1 atacado como foi Albervan, mas n\u00f3s permaneceremos firmes e fortes e n\u00e3o deixaremos esse coronel e seu dinheiro subjugar o povo belmontense com suas persegui\u00e7\u00f5es.&#8221; &#8211; Comentou Alice.<\/span><\/p>\n<p><a href=\"http:\/\/www.maisbn.com\/portal\/wp-content\/uploads\/2016\/09\/novovicealice00001.jpg\"><img loading=\"lazy\" decoding=\"async\" class=\"aligncenter size-full wp-image-12337\" src=\"http:\/\/www.maisbn.com\/portal\/wp-content\/uploads\/2016\/09\/novovicealice00001.jpg\" alt=\"novovicealice00001\" width=\"650\" height=\"412\" \/><\/a><\/p>\n<p><span style=\"color: #000000;\">Os coment\u00e1rios nos bastidores pol\u00edticos constam que a decis\u00e3o de Alvino foi um elemento surpresa para o ex-prefeito e derrubou o que seria a jogada perfeita. Os correligion\u00e1rios do ex-gestor agora tentam macular a reputa\u00e7\u00e3o de Alvino Matos nas redes sociais. Todos comentam que ataques acirrados vir\u00e3o contra o vereador na tentativa de manchar a sua imagem perante o eleitor belmontense.<\/span><\/p>\n","protected":false},"excerpt":{"rendered":"<p>Assim diz um velho ditado: &#8220;O que n\u00e3o nos mata, nos fortalece.&#8221; Essa \u00e9 a frase que d\u00e1 para definir o que aconteceu nesta segunda-feira (12\/09) com o grupo pol\u00edtico da Prefeita Alice Britto que viu o Albervan Nunes, seu candidato a vice, ter sua candidatura impugnada gra\u00e7as \u00e0 uma a\u00e7\u00e3o judicial movida pelo grupo [&hellip;]<\/p>\n","protected":false},"author":7,"featured_media":12330,"comment_status":"open","ping_status":"open","sticky":false,"template":"","format":"standard","meta":{"footnotes":""},"categories":[1,7],"tags":[108],"class_list":["post-12329","post","type-post","status-publish","format-standard","has-post-thumbnail","hentry","category-noticias","category-politica","tag-belmonte"],"_links":{"self":[{"href":"https:\/\/www.maisbn.com\/portal\/wp-json\/wp\/v2\/posts\/12329","targetHints":{"allow":["GET"]}}],"collection":[{"href":"https:\/\/www.maisbn.com\/portal\/wp-json\/wp\/v2\/posts"}],"about":[{"href":"https:\/\/www.maisbn.com\/portal\/wp-json\/wp\/v2\/types\/post"}],"author":[{"embeddable":true,"href":"https:\/\/www.maisbn.com\/portal\/wp-json\/wp\/v2\/users\/7"}],"replies":[{"embeddable":true,"href":"https:\/\/www.maisbn.com\/portal\/wp-json\/wp\/v2\/comments?post=12329"}],"version-history":[{"count":1,"href":"https:\/\/www.maisbn.com\/portal\/wp-json\/wp\/v2\/posts\/12329\/revisions"}],"predecessor-version":[{"id":12338,"href":"https:\/\/www.maisbn.com\/portal\/wp-json\/wp\/v2\/posts\/12329\/revisions\/12338"}],"wp:featuredmedia":[{"embeddable":true,"href":"https:\/\/www.maisbn.com\/portal\/wp-json\/wp\/v2\/media\/12330"}],"wp:attachment":[{"href":"https:\/\/www.maisbn.com\/portal\/wp-json\/wp\/v2\/media?parent=12329"}],"wp:term":[{"taxonomy":"category","embeddable":true,"href":"https:\/\/www.maisbn.com\/portal\/wp-json\/wp\/v2\/categories?post=12329"},{"taxonomy":"post_tag","embeddable":true,"href":"https:\/\/www.maisbn.com\/portal\/wp-json\/wp\/v2\/tags?post=12329"}],"curies":[{"name":"wp","href":"https:\/\/api.w.org\/{rel}","templated":true}]}}