{"id":12320,"date":"2016-09-13T22:16:20","date_gmt":"2016-09-14T01:16:20","guid":{"rendered":"http:\/\/www.maisbn.com\/portal\/?p=12320"},"modified":"2016-09-13T22:16:20","modified_gmt":"2016-09-14T01:16:20","slug":"janio-e-janival-visitam-santa-maria-eterna-e-vao-a-barrrolandia-juntamente-com-popo","status":"publish","type":"post","link":"https:\/\/www.maisbn.com\/portal\/2016\/09\/janio-e-janival-visitam-santa-maria-eterna-e-vao-a-barrrolandia-juntamente-com-popo\/","title":{"rendered":"J\u00e2nio e Janival visitam Santa Maria Eterna e v\u00e3o \u00e0 Barrrol\u00e2ndia juntamente com Pop\u00f3."},"content":{"rendered":"<p><span style=\"color: #000000;\">A corrida eleitoral continua quente em Belmonte e o candidato a Prefeito J\u00e2nio Natal e seu vice Janival Andrade vem cumprindo uma extensa agenda pol\u00edtica na cidade. <\/span><\/p>\n<p><a href=\"http:\/\/www.maisbn.com\/portal\/wp-content\/uploads\/2016\/09\/caminhadadenalva00101.jpg\"><img loading=\"lazy\" decoding=\"async\" class=\"size-full wp-image-12321 aligncenter\" src=\"http:\/\/www.maisbn.com\/portal\/wp-content\/uploads\/2016\/09\/caminhadadenalva00101.jpg\" alt=\"caminhadadenalva00101\" width=\"650\" height=\"412\" \/><\/a><\/p>\n<p><span style=\"color: #000000;\">Depois do \u00faltimo com\u00edcio realizado no s\u00e1bado (10\/09), que foi considerado um sucesso pelos seus correligion\u00e1rios, o candidato e seu irm\u00e3o ainda continuou cumprindo o seu cronograma de eventos pol\u00edticos pelo interior do munic\u00edpio. No domingo (11\/09) J\u00e2nio e Janival foram visitar o povoado de Santa Maria Eterna onde participaram de uma caminhada realizada pela candidata a vereadora Nalva. J\u00e2nio foi bem recebido pelas pessoas da comunidade e comentou em seu discurso as realiza\u00e7\u00f5es feitas em Belmonte na \u00e9poca que foi prefeito da cidade e que ele e Janival tem uma agenda de muitos projetos que ser\u00e3o realizados em sua nova gest\u00e3o.<\/span><\/p>\n<p><a href=\"http:\/\/www.maisbn.com\/portal\/wp-content\/uploads\/2016\/09\/mosaico_janiosantamaria.jpg\"><img loading=\"lazy\" decoding=\"async\" class=\"size-full wp-image-12322 aligncenter\" src=\"http:\/\/www.maisbn.com\/portal\/wp-content\/uploads\/2016\/09\/mosaico_janiosantamaria.jpg\" alt=\"mosaico_janiosantamaria\" width=\"700\" height=\"450\" \/><\/a><\/p>\n<p><span style=\"color: #000000;\">Na segunda-feira (12\/09) foi a vez de Barrol\u00e2ndia receber a visita de J\u00e2nio e Janival, que vieram acompanhados do pugilista Acelino Pop\u00f3 de Freitas. A ilustre visita agitou Barrol\u00e2ndia e a popula\u00e7\u00e3o acompanhou os candidatos em uma pequena caminhada at\u00e9 a quadra da Pra\u00e7a da Caixa D&#8217;\u00e1gua onde aconteceu um pequeno evento para J\u00e2nio, Janival e Pop\u00f3 receberem os moradores dispostos a tirar fotos e ouvir as propostas de governo.<\/span><\/p>\n<p><a href=\"http:\/\/www.maisbn.com\/portal\/wp-content\/uploads\/2016\/09\/IMG-20160913-WA0383.jpg\"><img loading=\"lazy\" decoding=\"async\" class=\"size-full wp-image-12323 aligncenter\" src=\"http:\/\/www.maisbn.com\/portal\/wp-content\/uploads\/2016\/09\/IMG-20160913-WA0383.jpg\" alt=\"img-20160913-wa0383\" width=\"650\" height=\"412\" \/><\/a><\/p>\n<p><span style=\"color: #000000;\">Em seu discurso J\u00e2nio Natal conclamou que o povo belmontense precisa de amor e paz e n\u00e3o de uma pol\u00edtica de amea\u00e7as e trucul\u00eancia como estava acontecendo. &#8220;O povo de Barrol\u00e2ndia \u00e9 um povo ordeiro e educado e n\u00e3o aceita essas situa\u00e7\u00f5es. Vamos fazer uma pol\u00edtica de paz e respeito.&#8221; &#8211; Comentou J\u00e2nio.<\/span><\/p>\n<p><a href=\"http:\/\/www.maisbn.com\/portal\/wp-content\/uploads\/2016\/09\/IMG-20160913-WA0498.jpg\"><img loading=\"lazy\" decoding=\"async\" class=\"size-full wp-image-12324 aligncenter\" src=\"http:\/\/www.maisbn.com\/portal\/wp-content\/uploads\/2016\/09\/IMG-20160913-WA0498.jpg\" alt=\"img-20160913-wa0498\" width=\"650\" height=\"412\" \/><\/a><\/p>\n<p><span style=\"color: #000000;\">O Deputado ainda em seu discurso comentou que Barrol\u00e2ndia precisa de mais investimentos na cultura, na sa\u00fade, na educa\u00e7\u00e3o e no esporte. Diante dessas palavras J\u00e2nio prometeu que ir\u00e1 construir, caso seja eleito, um centro para abrigar as a\u00e7\u00f5es culturais do distrito. &#8220;Pop\u00f3 n\u00f3s temos que investir em Barrol\u00e2ndia e incentivar os nossos jovens a fazerem uma atividade voltada para o bem. Para isso, uma das minhas propostas de campanha ser\u00e1 construir um Centro Cultural que ganhar\u00e1 o seu nome e eu quero que voc\u00ea venha aqui para inaugurar e conhecer um pouquinho mais desse lugar t\u00e3o especial.&#8221; &#8211; Comentou o candidato.<\/span><\/p>\n<p><a href=\"http:\/\/www.maisbn.com\/portal\/wp-content\/uploads\/2016\/09\/IMG-20160913-WA0507.jpg\"><img loading=\"lazy\" decoding=\"async\" class=\"size-full wp-image-12325 aligncenter\" src=\"http:\/\/www.maisbn.com\/portal\/wp-content\/uploads\/2016\/09\/IMG-20160913-WA0507.jpg\" alt=\"img-20160913-wa0507\" width=\"650\" height=\"412\" \/><\/a><\/p>\n<p><span style=\"color: #000000;\">Mais uma vez J\u00e2nio desafiou os seus advers\u00e1rios a provarem que ele vendeu o territ\u00f3rio da Veracel para Eun\u00e1polis. &#8220;Eles vir\u00e3o com documentos mentirosos dizendo que eu assinei tal despaut\u00e9rio. Eu desafiei e desafio novamente: Se me trouxerem qualquer documento verdadeiro que prove o que eles est\u00e3o falando eu renuncio o meu mandato de Deputado e a minha candidatura a prefeito de Belmonte.&#8221;<\/span><\/p>\n<p><a href=\"http:\/\/www.maisbn.com\/portal\/wp-content\/uploads\/2016\/09\/IMG-20160913-WA0411.jpg\"><img loading=\"lazy\" decoding=\"async\" class=\"aligncenter size-full wp-image-12326\" src=\"http:\/\/www.maisbn.com\/portal\/wp-content\/uploads\/2016\/09\/IMG-20160913-WA0411.jpg\" alt=\"img-20160913-wa0411\" width=\"650\" height=\"412\" \/><\/a><\/p>\n<p><span style=\"color: #000000;\">Pop\u00f3 em seu depoimento comentou que estava \u00e0 disposi\u00e7\u00e3o de J\u00e2nio Natal para ajudar Belmonte e pediu ao mesmo para montar a uma Academia Social de Boxe em Barrol\u00e2ndia. &#8220;J\u00e2nio realize esse trabalho social em Barrol\u00e2ndia que eu me proponho a doar luvas, sacos de areia e todo o material para que a gente consiga formar praticantes do esporte para competir e levar o nome de Belmonte para todo o Brasil. Tamb\u00e9m prometo dar todo o apoio para que os nossos futuros lutadores possam ir para Salvador participar de eventos e competi\u00e7\u00f5es&#8221;. Pop\u00f3 ainda pediu a J\u00e2nio para que o mesmo invista em todas as modalidades de esporte praticadas no munic\u00edpio. &#8220;J\u00e2nio, temos espa\u00e7o para criar um grande centro esportivo para contemplar v\u00e1rias modalidades. Vamos realizar esse sonho juntos. Pode contar com o meu apoio.&#8221; &#8211; Comentou Pop\u00f3.<\/span><\/p>\n<p><a href=\"http:\/\/www.maisbn.com\/portal\/wp-content\/uploads\/2016\/09\/IMG-20160913-WA0478.jpg\"><img loading=\"lazy\" decoding=\"async\" class=\"aligncenter size-full wp-image-12327\" src=\"http:\/\/www.maisbn.com\/portal\/wp-content\/uploads\/2016\/09\/IMG-20160913-WA0478.jpg\" alt=\"img-20160913-wa0478\" width=\"650\" height=\"412\" \/><\/a><\/p>\n<p><span style=\"color: #000000;\">Em seu depoimento Janival agradeceu o apoio dado por Pop\u00f3 \u00e0 sua candidatura e comentou que se sentia muito feliz com o carinho do povo de Barrol\u00e2ndia. &#8220;N\u00f3s temos aqui pessoas de bem. Pessoas que querem um futuro melhor para Belmonte e \u00e9 com essas pessoas que eu e J\u00e2nio vamos chegar \u00e0 vit\u00f3ria e trazer o t\u00e3o sonhado desenvolvimento para a nossa cidade.&#8221; &#8211; Comentou Janival.<\/span><\/p>\n<p><span style=\"color: #000000;\">Os organizadores do evento ficaram satisfeitos com os resultados e a repercuss\u00e3o da visita. Os mesmos ainda comentaram que a candidatura de J\u00e3nio Natal cresce a cada dia com muitas pessoas aderindo \u00e0 campanha do deputado e que o grupo segue forte rumo \u00e0 vit\u00f3ria que acontecer\u00e1 no pr\u00f3ximo dia 02 de outubro.<\/span><\/p>\n","protected":false},"excerpt":{"rendered":"<p>A corrida eleitoral continua quente em Belmonte e o candidato a Prefeito J\u00e2nio Natal e seu vice Janival Andrade vem cumprindo uma extensa agenda pol\u00edtica na cidade. Depois do \u00faltimo com\u00edcio realizado no s\u00e1bado (10\/09), que foi considerado um sucesso pelos seus correligion\u00e1rios, o candidato e seu irm\u00e3o ainda continuou cumprindo o seu cronograma de [&hellip;]<\/p>\n","protected":false},"author":7,"featured_media":12323,"comment_status":"open","ping_status":"open","sticky":false,"template":"","format":"standard","meta":{"footnotes":""},"categories":[1,7],"tags":[108],"class_list":["post-12320","post","type-post","status-publish","format-standard","has-post-thumbnail","hentry","category-noticias","category-politica","tag-belmonte"],"_links":{"self":[{"href":"https:\/\/www.maisbn.com\/portal\/wp-json\/wp\/v2\/posts\/12320","targetHints":{"allow":["GET"]}}],"collection":[{"href":"https:\/\/www.maisbn.com\/portal\/wp-json\/wp\/v2\/posts"}],"about":[{"href":"https:\/\/www.maisbn.com\/portal\/wp-json\/wp\/v2\/types\/post"}],"author":[{"embeddable":true,"href":"https:\/\/www.maisbn.com\/portal\/wp-json\/wp\/v2\/users\/7"}],"replies":[{"embeddable":true,"href":"https:\/\/www.maisbn.com\/portal\/wp-json\/wp\/v2\/comments?post=12320"}],"version-history":[{"count":1,"href":"https:\/\/www.maisbn.com\/portal\/wp-json\/wp\/v2\/posts\/12320\/revisions"}],"predecessor-version":[{"id":12328,"href":"https:\/\/www.maisbn.com\/portal\/wp-json\/wp\/v2\/posts\/12320\/revisions\/12328"}],"wp:featuredmedia":[{"embeddable":true,"href":"https:\/\/www.maisbn.com\/portal\/wp-json\/wp\/v2\/media\/12323"}],"wp:attachment":[{"href":"https:\/\/www.maisbn.com\/portal\/wp-json\/wp\/v2\/media?parent=12320"}],"wp:term":[{"taxonomy":"category","embeddable":true,"href":"https:\/\/www.maisbn.com\/portal\/wp-json\/wp\/v2\/categories?post=12320"},{"taxonomy":"post_tag","embeddable":true,"href":"https:\/\/www.maisbn.com\/portal\/wp-json\/wp\/v2\/tags?post=12320"}],"curies":[{"name":"wp","href":"https:\/\/api.w.org\/{rel}","templated":true}]}}