{"id":12306,"date":"2016-09-13T16:23:40","date_gmt":"2016-09-13T19:23:40","guid":{"rendered":"http:\/\/www.maisbn.com\/portal\/?p=12306"},"modified":"2016-09-13T16:25:46","modified_gmt":"2016-09-13T19:25:46","slug":"justica-nega-pedido-de-impugnacao-do-pen-e-libera-a-candidatura-de-leonardo-bittencourt","status":"publish","type":"post","link":"https:\/\/www.maisbn.com\/portal\/2016\/09\/justica-nega-pedido-de-impugnacao-do-pen-e-libera-a-candidatura-de-leonardo-bittencourt\/","title":{"rendered":"Justi\u00e7a nega pedido de impugna\u00e7\u00e3o contra o PEN e libera a candidatura de Leonardo Bittencourt."},"content":{"rendered":"<p><a href=\"http:\/\/www.maisbn.com\/portal\/wp-content\/uploads\/2016\/08\/Forum_Belmonte.jpg\"><img loading=\"lazy\" decoding=\"async\" class=\"size-full wp-image-12104 aligncenter\" src=\"http:\/\/www.maisbn.com\/portal\/wp-content\/uploads\/2016\/08\/Forum_Belmonte.jpg\" alt=\"Forum_Belmonte\" width=\"700\" height=\"461\" \/><\/a><\/p>\n<p><span style=\"color: #000000;\">A Justi\u00e7a Eleitoral de Belmonte negou o pedido de impugna\u00e7\u00e3o feito pela Coliga\u00e7\u00e3o &#8216;Juntos Por uma Belmonte que Queremos&#8217;, que apoia o candidato e ex-prefeito I\u00eado Elias. O pedido era para anular a participa\u00e7\u00e3o do Partido Ecol\u00f3gico Nacional (PEN) na Coliga\u00e7\u00e3o partid\u00e1ria de apoio \u00e0 candidatura do Deputado J\u00e2nio Natal \u00e0 Prefeitura Municipal de Belmonte. O pedido foi feito com base na acusa\u00e7\u00e3o de que o Partido Ecol\u00f3gico Nacional (PEN) teria tentado fraudar a sua participa\u00e7\u00e3o no pleito eleitoral, j\u00e1 que, o nome do presidente do partido, o advogado Augusto Giffoni, aparecia na ata da conven\u00e7\u00e3o sem o mesmo estar presente no evento.<\/span><\/p>\n<p><span style=\"color: #000000;\">A defesa do partido, no entanto, apresentou uma Procura\u00e7\u00e3o P\u00fablica, lavrada em cart\u00f3rio, dada pelo Presidente do PEN ao candidato a vereador C\u00e9sar Badar\u00f3 dando poderes ao mesmo para tomar as decis\u00f5es durante a Conven\u00e7\u00e3o Partid\u00e1ria. A defesa ainda colocou que houve um erro na elabora\u00e7\u00e3o da ata onde n\u00e3o constou a citada procura\u00e7\u00e3o, e sim, a presen\u00e7a do advogado.<\/span><\/p>\n<p><span style=\"color: #000000;\">A Justi\u00e7a acolheu as alega\u00e7\u00f5es da defesa do PEN e entendeu que a impropriedade constante na Ata de Conven\u00e7\u00e3o n\u00e3o tinha poder de macular o que foi deliberado durante o evento. Portanto, a decis\u00e3o judicial foi de liberar o Partido Ecol\u00f3gico Nacional para continuar integrando a coliga\u00e7\u00e3o de partidos que d\u00e1 sustenta\u00e7\u00e3o \u00e0 candidatura do Deputado J\u00e2nio Natal.<\/span><\/p>\n<div id=\"attachment_12105\" style=\"width: 727px\" class=\"wp-caption aligncenter\"><img loading=\"lazy\" decoding=\"async\" aria-describedby=\"caption-attachment-12105\" class=\"wp-image-12105 size-full\" src=\"http:\/\/www.maisbn.com\/portal\/wp-content\/uploads\/2016\/08\/IMG-20160824-WA0094.jpg\" alt=\"IMG-20160824-WA0094\" width=\"717\" height=\"470\" \/><p id=\"caption-attachment-12105\" class=\"wp-caption-text\">L\u00e9o do Surf liberado pela Justi\u00e7a Eleitoral para continuar concorrendo a uma vaga na C\u00e2mara de Vereadores de Belmonte.<\/p><\/div>\n<p><span style=\"color: #000000;\">O grupo pol\u00edtico do ex-prefeito I\u00eado Elias ainda tentou anular judicialmente a candidatura de Leonardo Bittencourt a Vereador de Belmonte. O grupo acusou que o mesmo n\u00e3o assinou a lista de presen\u00e7a na Conven\u00e7\u00e3o. A Justi\u00e7a entendeu que o ato, por s\u00ed s\u00f3, n\u00e3o tem o poder de invalidar o candidato e que todos os outros processos exigidos foram atendidos pelo candidato.<\/span><\/p>\n<p><span style=\"color: #000000;\">Portanto, o candidato a vereador Leonardo Bittencourt est\u00e1 liberado para continuar na luta por uma vaga na C\u00e2mara de Vereadores de Belmonte.<\/span><\/p>\n<p>&nbsp;<\/p>\n","protected":false},"excerpt":{"rendered":"<p>A Justi\u00e7a Eleitoral de Belmonte negou o pedido de impugna\u00e7\u00e3o feito pela Coliga\u00e7\u00e3o &#8216;Juntos Por uma Belmonte que Queremos&#8217;, que apoia o candidato e ex-prefeito I\u00eado Elias. O pedido era para anular a participa\u00e7\u00e3o do Partido Ecol\u00f3gico Nacional (PEN) na Coliga\u00e7\u00e3o partid\u00e1ria de apoio \u00e0 candidatura do Deputado J\u00e2nio Natal \u00e0 Prefeitura Municipal de Belmonte. [&hellip;]<\/p>\n","protected":false},"author":7,"featured_media":12105,"comment_status":"open","ping_status":"open","sticky":false,"template":"","format":"standard","meta":{"footnotes":""},"categories":[1,7],"tags":[108],"class_list":["post-12306","post","type-post","status-publish","format-standard","has-post-thumbnail","hentry","category-noticias","category-politica","tag-belmonte"],"_links":{"self":[{"href":"https:\/\/www.maisbn.com\/portal\/wp-json\/wp\/v2\/posts\/12306","targetHints":{"allow":["GET"]}}],"collection":[{"href":"https:\/\/www.maisbn.com\/portal\/wp-json\/wp\/v2\/posts"}],"about":[{"href":"https:\/\/www.maisbn.com\/portal\/wp-json\/wp\/v2\/types\/post"}],"author":[{"embeddable":true,"href":"https:\/\/www.maisbn.com\/portal\/wp-json\/wp\/v2\/users\/7"}],"replies":[{"embeddable":true,"href":"https:\/\/www.maisbn.com\/portal\/wp-json\/wp\/v2\/comments?post=12306"}],"version-history":[{"count":2,"href":"https:\/\/www.maisbn.com\/portal\/wp-json\/wp\/v2\/posts\/12306\/revisions"}],"predecessor-version":[{"id":12308,"href":"https:\/\/www.maisbn.com\/portal\/wp-json\/wp\/v2\/posts\/12306\/revisions\/12308"}],"wp:featuredmedia":[{"embeddable":true,"href":"https:\/\/www.maisbn.com\/portal\/wp-json\/wp\/v2\/media\/12105"}],"wp:attachment":[{"href":"https:\/\/www.maisbn.com\/portal\/wp-json\/wp\/v2\/media?parent=12306"}],"wp:term":[{"taxonomy":"category","embeddable":true,"href":"https:\/\/www.maisbn.com\/portal\/wp-json\/wp\/v2\/categories?post=12306"},{"taxonomy":"post_tag","embeddable":true,"href":"https:\/\/www.maisbn.com\/portal\/wp-json\/wp\/v2\/tags?post=12306"}],"curies":[{"name":"wp","href":"https:\/\/api.w.org\/{rel}","templated":true}]}}