{"id":12303,"date":"2016-09-13T09:57:55","date_gmt":"2016-09-13T12:57:55","guid":{"rendered":"http:\/\/www.maisbn.com\/portal\/?p=12303"},"modified":"2016-09-13T09:57:55","modified_gmt":"2016-09-13T12:57:55","slug":"justica-devolve-pros-para-a-coligacao-de-janio-natal-e-dificulta-a-vida-de-beto-de-barrolandia","status":"publish","type":"post","link":"https:\/\/www.maisbn.com\/portal\/2016\/09\/justica-devolve-pros-para-a-coligacao-de-janio-natal-e-dificulta-a-vida-de-beto-de-barrolandia\/","title":{"rendered":"Justi\u00e7a devolve PROS para a coliga\u00e7\u00e3o de J\u00e2nio Natal e dificulta a vida de Beto de Barrol\u00e2ndia."},"content":{"rendered":"<p><a href=\"http:\/\/www.maisbn.com\/portal\/wp-content\/uploads\/2016\/08\/Forum_Belmonte.jpg\"><img loading=\"lazy\" decoding=\"async\" class=\"size-full wp-image-12104 aligncenter\" src=\"http:\/\/www.maisbn.com\/portal\/wp-content\/uploads\/2016\/08\/Forum_Belmonte.jpg\" alt=\"Forum_Belmonte\" width=\"700\" height=\"461\" \/><\/a><\/p>\n<p><span style=\"color: #000000;\">A Justi\u00e7a Eleitoral de Belmonte decidiu mais uma disputa na corrida eleitoral belmontense. A grande briga \u00e9 por conta do Partido Republicano da Ordem Social (PROS) onde o mesmo, depois de disputas pol\u00edticas, apareceu fazendo parte de duas coliga\u00e7\u00f5es rivais que s\u00e3o: Coliga\u00e7\u00e3o &#8216;Juntos por uma Belmonte que Queremos&#8217;, que cont\u00e9m os partidos PP, PDT, PT, PPS, PSD, PROS e apoia a candidatura do ex-prefeito I\u00eado Elias e a Coliga\u00e7\u00e3o &#8216;Belmonte Voltar\u00e1 a Sorrir&#8217; que integra os partidos PC DO B, PTN, PT DO B, PV, PTC, PSDB, PEN, PROS e PMB e apoia a candidatura do Deputado J\u00e2nio Natal.<\/span><\/p>\n<p><span style=\"color: #000000;\">O grande problema \u00e9 que em uma conven\u00e7\u00e3o onde o partido integrou a Coliga\u00e7\u00e3o do ex-prefeito I\u00eado Elias, o presidente era o senhor Jos\u00e9 Roberto Jesus de Souza (Beto de Barrol\u00e2ndia) e na Coliga\u00e7\u00e3o que apoia o Deputado J\u00e2nio Natal o presidente do partido aparece como sendo o Senhor Gidoaldo Oliveira Santos. O que acontece \u00e9 que a presid\u00eancia do Senhor Jos\u00e9 Roberto de Souza foi destitu\u00edda pela representa\u00e7\u00e3o estadual do partido no dia 04\/08 e na mesma data foi conduzido a assumir os comando do partido o Sr. Gidoaldo Oliveira Santos.<\/span><\/p>\n<p><span style=\"color: #000000;\">A Justi\u00e7a Eleitoral ent\u00e3o, conforme decis\u00e3o, entendeu que a Conven\u00e7\u00e3o que deliberou a participa\u00e7\u00e3o do PROS na coliga\u00e7\u00e3o de apoio ao ex-prefeito I\u00eado Elias n\u00e3o foi v\u00e1lida porque o presidente Jos\u00e9 Roberto n\u00e3o respondia mais pelo partido. A justi\u00e7a considerou nulas as decis\u00f5es tomadas pelo antigo presidente. A decis\u00e3o ainda consta que o PROS continuar\u00e1 na Coliga\u00e7\u00e3o Partid\u00e1ria de apoio ao Deputado J\u00e2nio Natal sob o comando do presidente Gidoaldo Oliveira Santos.<\/span><\/p>\n<p><span style=\"color: #000000;\"><a href=\"http:\/\/www.maisbn.com\/portal\/wp-content\/uploads\/2016\/09\/FBA50000017547.jpg\"><img loading=\"lazy\" decoding=\"async\" class=\"alignleft size-full wp-image-12304\" src=\"http:\/\/www.maisbn.com\/portal\/wp-content\/uploads\/2016\/09\/FBA50000017547.jpg\" alt=\"fba50000017547\" width=\"161\" height=\"225\" \/><\/a>Uma das grandes v\u00edtimas dessa disputa foi o candidato a vereador Beto de Barrol\u00e2ndia. O mesmo tinha declarado apoio ao ex-prefeito I\u00eado Elias e migrado, juntamente com o partido, abandonando o grupo pol\u00edtico do Deputado J\u00e2nio Natal. A decis\u00e3o impugnou as candidaturas do Partido na coliga\u00e7\u00e3o do ex-gestor e Beto, se quiser continuar no pleito eleitoral, ter\u00e1 a sua candidatura ligada \u00e0 Coliga\u00e7\u00e3o do Deputado.<\/span><\/p>\n<p><span style=\"color: #000000;\">Agora as informa\u00e7\u00f5es de bastidores constam que o grupo pol\u00edtico de J\u00e2nio pretende dificultar a vida de Beto e inviabilizar a apresenta\u00e7\u00e3o de sua candidatura. Se isso acontecer, Beto poder\u00e1 enterrar as suas pretens\u00f5es para o pleito desse ano e ficar de fora da disputa eleitoral. Algumas pessoas acreditam que o mesmo ter\u00e1 muito ainda que brigar na justi\u00e7a se quiser continuar candidato.<\/span><\/p>\n<p>&nbsp;<\/p>\n<p>&nbsp;<\/p>\n","protected":false},"excerpt":{"rendered":"<p>A Justi\u00e7a Eleitoral de Belmonte decidiu mais uma disputa na corrida eleitoral belmontense. A grande briga \u00e9 por conta do Partido Republicano da Ordem Social (PROS) onde o mesmo, depois de disputas pol\u00edticas, apareceu fazendo parte de duas coliga\u00e7\u00f5es rivais que s\u00e3o: Coliga\u00e7\u00e3o &#8216;Juntos por uma Belmonte que Queremos&#8217;, que cont\u00e9m os partidos PP, PDT, [&hellip;]<\/p>\n","protected":false},"author":7,"featured_media":12104,"comment_status":"open","ping_status":"open","sticky":false,"template":"","format":"standard","meta":{"footnotes":""},"categories":[1,7],"tags":[108],"class_list":["post-12303","post","type-post","status-publish","format-standard","has-post-thumbnail","hentry","category-noticias","category-politica","tag-belmonte"],"_links":{"self":[{"href":"https:\/\/www.maisbn.com\/portal\/wp-json\/wp\/v2\/posts\/12303","targetHints":{"allow":["GET"]}}],"collection":[{"href":"https:\/\/www.maisbn.com\/portal\/wp-json\/wp\/v2\/posts"}],"about":[{"href":"https:\/\/www.maisbn.com\/portal\/wp-json\/wp\/v2\/types\/post"}],"author":[{"embeddable":true,"href":"https:\/\/www.maisbn.com\/portal\/wp-json\/wp\/v2\/users\/7"}],"replies":[{"embeddable":true,"href":"https:\/\/www.maisbn.com\/portal\/wp-json\/wp\/v2\/comments?post=12303"}],"version-history":[{"count":1,"href":"https:\/\/www.maisbn.com\/portal\/wp-json\/wp\/v2\/posts\/12303\/revisions"}],"predecessor-version":[{"id":12305,"href":"https:\/\/www.maisbn.com\/portal\/wp-json\/wp\/v2\/posts\/12303\/revisions\/12305"}],"wp:featuredmedia":[{"embeddable":true,"href":"https:\/\/www.maisbn.com\/portal\/wp-json\/wp\/v2\/media\/12104"}],"wp:attachment":[{"href":"https:\/\/www.maisbn.com\/portal\/wp-json\/wp\/v2\/media?parent=12303"}],"wp:term":[{"taxonomy":"category","embeddable":true,"href":"https:\/\/www.maisbn.com\/portal\/wp-json\/wp\/v2\/categories?post=12303"},{"taxonomy":"post_tag","embeddable":true,"href":"https:\/\/www.maisbn.com\/portal\/wp-json\/wp\/v2\/tags?post=12303"}],"curies":[{"name":"wp","href":"https:\/\/api.w.org\/{rel}","templated":true}]}}