{"id":12298,"date":"2016-09-12T17:31:24","date_gmt":"2016-09-12T20:31:24","guid":{"rendered":"http:\/\/www.maisbn.com\/portal\/?p=12298"},"modified":"2016-09-12T17:36:31","modified_gmt":"2016-09-12T20:36:31","slug":"alvino-matos-e-o-novo-candidato-a-vice-prefeito-da-chapa-de-alice-britto","status":"publish","type":"post","link":"https:\/\/www.maisbn.com\/portal\/2016\/09\/alvino-matos-e-o-novo-candidato-a-vice-prefeito-da-chapa-de-alice-britto\/","title":{"rendered":"Alvino Matos \u00e9 o novo candidato a Vice-Prefeito da chapa de Alice Britto."},"content":{"rendered":"<p><span style=\"color: #000000;\"><a href=\"http:\/\/www.maisbn.com\/portal\/wp-content\/uploads\/2016\/09\/alvino-056.jpg\"><img loading=\"lazy\" decoding=\"async\" class=\"aligncenter size-full wp-image-12299\" src=\"http:\/\/www.maisbn.com\/portal\/wp-content\/uploads\/2016\/09\/alvino-056.jpg\" alt=\"alvino-056\" width=\"703\" height=\"417\" \/><\/a><\/span><\/p>\n<p><span style=\"color: #000000;\">A Coliga\u00e7\u00e3o &#8216;Construindo o Presente, Para Realizar o Futuro&#8217; fez a escolha do novo Vice-Prefeito que compor\u00e1 a chapa de reelei\u00e7\u00e3o de Alice Britto, segundo os seus correligion\u00e1rios. O novo candidato a vice ser\u00e1 o Vereador e Presidente da C\u00e2mara de Vereadores Alvino Matos. A escolha foi noticiada nas redes sociais pelos correligion\u00e1rios de Alice. A escolha, segundo informa\u00e7\u00f5es, veio de uma lista tr\u00edplice onde figuravam os nomes de Alvino Matos, Anderson da Eman e Dinah Nascimento. A decis\u00e3o, segundo informa\u00e7\u00f5es, foi tomada em consenso pelo grupo.<\/span><\/p>\n<p><span style=\"color: #000000;\">Entramos em contato com a dire\u00e7\u00e3o da campanha de Alice e a mesma informou que o resultado oficial s\u00f3 ser\u00e1 noticiado ap\u00f3s ser finalizado os tr\u00e2mites documentais da nova escolha.<\/span><\/p>\n","protected":false},"excerpt":{"rendered":"<p>A Coliga\u00e7\u00e3o &#8216;Construindo o Presente, Para Realizar o Futuro&#8217; fez a escolha do novo Vice-Prefeito que compor\u00e1 a chapa de reelei\u00e7\u00e3o de Alice Britto, segundo os seus correligion\u00e1rios. O novo candidato a vice ser\u00e1 o Vereador e Presidente da C\u00e2mara de Vereadores Alvino Matos. A escolha foi noticiada nas redes sociais pelos correligion\u00e1rios de Alice. [&hellip;]<\/p>\n","protected":false},"author":7,"featured_media":12299,"comment_status":"open","ping_status":"open","sticky":false,"template":"","format":"standard","meta":{"footnotes":""},"categories":[1,7],"tags":[108],"class_list":["post-12298","post","type-post","status-publish","format-standard","has-post-thumbnail","hentry","category-noticias","category-politica","tag-belmonte"],"_links":{"self":[{"href":"https:\/\/www.maisbn.com\/portal\/wp-json\/wp\/v2\/posts\/12298","targetHints":{"allow":["GET"]}}],"collection":[{"href":"https:\/\/www.maisbn.com\/portal\/wp-json\/wp\/v2\/posts"}],"about":[{"href":"https:\/\/www.maisbn.com\/portal\/wp-json\/wp\/v2\/types\/post"}],"author":[{"embeddable":true,"href":"https:\/\/www.maisbn.com\/portal\/wp-json\/wp\/v2\/users\/7"}],"replies":[{"embeddable":true,"href":"https:\/\/www.maisbn.com\/portal\/wp-json\/wp\/v2\/comments?post=12298"}],"version-history":[{"count":3,"href":"https:\/\/www.maisbn.com\/portal\/wp-json\/wp\/v2\/posts\/12298\/revisions"}],"predecessor-version":[{"id":12302,"href":"https:\/\/www.maisbn.com\/portal\/wp-json\/wp\/v2\/posts\/12298\/revisions\/12302"}],"wp:featuredmedia":[{"embeddable":true,"href":"https:\/\/www.maisbn.com\/portal\/wp-json\/wp\/v2\/media\/12299"}],"wp:attachment":[{"href":"https:\/\/www.maisbn.com\/portal\/wp-json\/wp\/v2\/media?parent=12298"}],"wp:term":[{"taxonomy":"category","embeddable":true,"href":"https:\/\/www.maisbn.com\/portal\/wp-json\/wp\/v2\/categories?post=12298"},{"taxonomy":"post_tag","embeddable":true,"href":"https:\/\/www.maisbn.com\/portal\/wp-json\/wp\/v2\/tags?post=12298"}],"curies":[{"name":"wp","href":"https:\/\/api.w.org\/{rel}","templated":true}]}}