{"id":12282,"date":"2016-09-11T19:36:54","date_gmt":"2016-09-11T22:36:54","guid":{"rendered":"http:\/\/www.maisbn.com\/portal\/?p=12282"},"modified":"2016-09-11T19:36:54","modified_gmt":"2016-09-11T22:36:54","slug":"primeiro-comicio-de-janio-natal-e-janival-reune-um-grande-numero-de-pessoas-em-belmonte","status":"publish","type":"post","link":"https:\/\/www.maisbn.com\/portal\/2016\/09\/primeiro-comicio-de-janio-natal-e-janival-reune-um-grande-numero-de-pessoas-em-belmonte\/","title":{"rendered":"Primeiro com\u00edcio de J\u00e2nio Natal e Janival re\u00fane um grande n\u00famero de pessoas em Belmonte."},"content":{"rendered":"<p><span style=\"color: #000000;\">Nesse \u00faltimo s\u00e1bado (10\/09) aconteceu em Belmonte mais um grande evento pol\u00edtico. Estamos falando do grande com\u00edcio realizado pela Coliga\u00e7\u00e3o &#8216;Juntos Somos Fortes&#8217; que apoia a candidatura de J\u00e2nio Natal e Janival Andrade. <\/span><\/p>\n<p><span style=\"color: #000000;\"><a style=\"color: #000000;\" href=\"http:\/\/www.maisbn.com\/portal\/wp-content\/uploads\/2016\/09\/comiciodejanionatal00043.jpg\"><img loading=\"lazy\" decoding=\"async\" class=\"aligncenter size-full wp-image-12283\" src=\"http:\/\/www.maisbn.com\/portal\/wp-content\/uploads\/2016\/09\/comiciodejanionatal00043.jpg\" alt=\"comiciodejanionatal00043\" width=\"650\" height=\"412\" \/><\/a><\/span><\/p>\n<p><span style=\"color: #000000;\">O com\u00edcio, que aconteceu no Bairro da Ponta de Areia, reuniu um grande n\u00famero de pessoas com a inten\u00e7\u00e3o de cumprimentar J\u00e2nio Natal, Janival e seus candidatos a vereador, bem como, ouvir as propostas de Governo. <\/span><\/p>\n<p><a href=\"http:\/\/www.maisbn.com\/portal\/wp-content\/uploads\/2016\/09\/comiciodejanionatal00088.jpg\"><img loading=\"lazy\" decoding=\"async\" class=\"aligncenter size-full wp-image-12288\" src=\"http:\/\/www.maisbn.com\/portal\/wp-content\/uploads\/2016\/09\/comiciodejanionatal00088.jpg\" alt=\"comiciodejanionatal00088\" width=\"650\" height=\"412\" \/><\/a><\/p>\n<p><span style=\"color: #000000;\">Come\u00e7amos esse relato chamando a aten\u00e7\u00e3o para a ornamenta\u00e7\u00e3o do evento que foi muito bem feita. O azul, que \u00e9 a cor do partido, foi priorizado na ilumina\u00e7\u00e3o do palco e no tom das bandeiras que deram um toque especial quando eram agitadas. Outra boa ideia usada pelos organizadores foram os tel\u00f5es montados na \u00e1rea do com\u00edcio que permitiram uma visualiza\u00e7\u00e3o melhor para as pessoas que estavam \u00e0 dist\u00e2ncia.<\/span><\/p>\n<p><a href=\"http:\/\/www.maisbn.com\/portal\/wp-content\/uploads\/2016\/09\/comiciodejanionatal00036.jpg\"><img loading=\"lazy\" decoding=\"async\" class=\"aligncenter size-full wp-image-12290\" src=\"http:\/\/www.maisbn.com\/portal\/wp-content\/uploads\/2016\/09\/comiciodejanionatal00036.jpg\" alt=\"comiciodejanionatal00036\" width=\"650\" height=\"412\" \/><\/a><\/p>\n<p><span style=\"color: #000000;\">V\u00e1rios oradores fizeram os seus discursos e a ideia m\u00e1xima do com\u00edcio foi a n\u00e3o agress\u00e3o e o respeito com as fam\u00edlias belmontenses. Todos os candidatos repudiaram essas iniciativas e mostraram para o povo que elei\u00e7\u00f5es se ganham com propostas e n\u00e3o com ataques \u00e0s pessoas e seus familiares.<\/span><\/p>\n<p><span style=\"color: #000000;\"><a style=\"color: #000000;\" href=\"http:\/\/www.maisbn.com\/portal\/wp-content\/uploads\/2016\/09\/mosaico_comiciojanio.jpg\"><img loading=\"lazy\" decoding=\"async\" class=\"aligncenter size-full wp-image-12284\" src=\"http:\/\/www.maisbn.com\/portal\/wp-content\/uploads\/2016\/09\/mosaico_comiciojanio.jpg\" alt=\"mosaico_comiciojanio\" width=\"700\" height=\"450\" \/><\/a><\/span><\/p>\n<p><span style=\"color: #000000;\">O pugilista Acelino Pop\u00f3 de Freitas participou do evento e contou a todos como a sua vida e a de sua fam\u00edlia foram mudadas pelo esporte. Pop\u00f3 ainda aproveitou o ensejo para pedir a J\u00e2nio que fizesse o Projeto Academia Social ao Ar Livre em Barrol\u00e2ndia com as mesmas caracter\u00edsticas que foram realizadas em Salvador. O mesmo explicou que esse projeto, que teve a sua autoria, contempla as comunidades com academias p\u00fablicas onde as pessoas contam com profissionais para se exercitarem e praticarem esporte. Ainda em seu depoimento, o pugilista comentou as conquistas de J\u00e2nio Natal, que Belmonte precisava de mudan\u00e7as e de um administrador s\u00e9rio para comandar a cidade. &#8220;Para ele mudar essa cidade ele depende do voto de voc\u00eas. D\u00eaem a chance para J\u00e2nio mostrar o seu trabalho mais uma vez. J\u00e2nio, eu quero voltar j\u00e1 na sua gest\u00e3o para ver a Academia ao Ar Livre funcionando em Barrol\u00e2ndia.&#8221; &#8211; Comentou Pop\u00f3.<\/span><\/p>\n<p><span style=\"color: #000000;\"><a style=\"color: #000000;\" href=\"http:\/\/www.maisbn.com\/portal\/wp-content\/uploads\/2016\/09\/comiciodejanionatal00073.jpg\"><img loading=\"lazy\" decoding=\"async\" class=\"aligncenter size-full wp-image-12285\" src=\"http:\/\/www.maisbn.com\/portal\/wp-content\/uploads\/2016\/09\/comiciodejanionatal00073.jpg\" alt=\"comiciodejanionatal00073\" width=\"650\" height=\"412\" \/><\/a><\/span><\/p>\n<p><span style=\"color: #000000;\">O candidato a Vice-prefeito Janival Andrade tamb\u00e9m fez o seu discurso e comentou estar muito feliz pelos frutos do trabalho que J\u00e2nio Natal vem realizando ao longo de seus 30 anos de vida pol\u00edtica. &#8220;Quem planta espinhos, colhe espinhos e quem planta flores colhe flores. Estamos colhendo as flores plantadas nos cora\u00e7\u00f5es de cada um belmontense e a comunidade sabe que o deputado e futuro prefeito J\u00e2nio Natal \u00e9 um pol\u00edtico honesto, competente e ficha-limpa. Sem nenhuma mancha em sua reputa\u00e7\u00e3o pol\u00edtica durante todos esses anos de vida p\u00fablica.&#8221; &#8211; Comentou Janival.<\/span><\/p>\n<p><span style=\"color: #000000;\"><a style=\"color: #000000;\" href=\"http:\/\/www.maisbn.com\/portal\/wp-content\/uploads\/2016\/09\/comiciodejanionatal00083.jpg\"><img loading=\"lazy\" decoding=\"async\" class=\"aligncenter size-full wp-image-12286\" src=\"http:\/\/www.maisbn.com\/portal\/wp-content\/uploads\/2016\/09\/comiciodejanionatal00083.jpg\" alt=\"comiciodejanionatal00083\" width=\"650\" height=\"412\" \/><\/a><\/span><\/p>\n<p><span style=\"color: #000000;\">O candidato a Prefeito J\u00e2nio Natal tamb\u00e9m fez uso da palavra e comentou sobre v\u00e1rias de suas conquistas enquanto foi prefeito de Belmonte. J\u00e2nio tamb\u00e9m colocou que n\u00e3o queria ouvir em seus com\u00edcios ataques \u00e0s pessoas e fam\u00edlias belmontenses como estava acontecendo nos eventos de alguns advers\u00e1rios pol\u00edticos. &#8220;Eu estou colocando aqui que temos que debater propostas para o nosso povo. N\u00e3o quero ataques e nem desrespeito a qualquer fam\u00edlia belmontense. O povo n\u00e3o merece isso.&#8221; &#8211; Comentou o Deputado.<\/span><\/p>\n<p><span style=\"color: #000000;\"><a style=\"color: #000000;\" href=\"http:\/\/www.maisbn.com\/portal\/wp-content\/uploads\/2016\/09\/comiciodejanionatal00082.jpg\"><img loading=\"lazy\" decoding=\"async\" class=\"aligncenter size-full wp-image-12287\" src=\"http:\/\/www.maisbn.com\/portal\/wp-content\/uploads\/2016\/09\/comiciodejanionatal00082.jpg\" alt=\"comiciodejanionatal00082\" width=\"650\" height=\"412\" \/><\/a><\/span><\/p>\n<p><span style=\"color: #000000;\">J\u00e2nio tamb\u00e9m respondeu aos ataques dos seus opositores que o acusam de ter vendido o povoado da Maur\u00edlia, onde hoje se encontra a Veracel, a Eun\u00e1polis. O Deputado desafiou os seus advers\u00e1rios a trazerem o documento de venda assinado por ele.&#8221; Eu desafio os meus advers\u00e1rios a apresentarem esse documento assinado por min. Se esse documento existir, eu renuncio ao meu cargo de Deputado e \u00e0 minha candidatura a Prefeito de Belmonte. Enquanto n\u00e3o trouxerem continuarei chamando voc\u00eas de mentirosos. Agora eu pe\u00e7o ao povo que pesquisem quem foram os vereadores que aprovaram e quem era que respondia pela a Assessoria Jur\u00eddica da Prefeitura na \u00e9poca do ocorrido. Isso eu tenho certeza que n\u00e3o ser\u00e1 revelado pelos meus advers\u00e1rios&#8221; &#8211; Comentou J\u00e2nio.<\/span><\/p>\n<p><span style=\"color: #000000;\"><a style=\"color: #000000;\" href=\"http:\/\/www.maisbn.com\/portal\/wp-content\/uploads\/2016\/09\/comiciodejanionatal00052.jpg\"><img loading=\"lazy\" decoding=\"async\" class=\"aligncenter wp-image-12289 size-full\" src=\"http:\/\/www.maisbn.com\/portal\/wp-content\/uploads\/2016\/09\/comiciodejanionatal00052.jpg\" alt=\"\" width=\"650\" height=\"412\" \/><\/a><\/span><\/p>\n<p><span style=\"color: #000000;\">J\u00e2nio Natal finalizou o seu discurso dizendo estar preparado para realizar um choque de gest\u00e3o na cidade e que est\u00e1 disposto a realizar uma grande reforma administrativa que colocar\u00e1 Belmonte nos trilhos do desenvolvimento.&#8221; Eu j\u00e1 fiz e posso fazer muito mais por nosso povo que j\u00e1 est\u00e1 cansado de promessas. Temos projetos e temos probidade para debater propostas vi\u00e1veis para a nossa comunidade.&#8221; &#8211; Finalizou J\u00e2nio Natal.<\/span><\/p>\n<p>&nbsp;<\/p>\n","protected":false},"excerpt":{"rendered":"<p>Nesse \u00faltimo s\u00e1bado (10\/09) aconteceu em Belmonte mais um grande evento pol\u00edtico. Estamos falando do grande com\u00edcio realizado pela Coliga\u00e7\u00e3o &#8216;Juntos Somos Fortes&#8217; que apoia a candidatura de J\u00e2nio Natal e Janival Andrade. O com\u00edcio, que aconteceu no Bairro da Ponta de Areia, reuniu um grande n\u00famero de pessoas com a inten\u00e7\u00e3o de cumprimentar J\u00e2nio [&hellip;]<\/p>\n","protected":false},"author":7,"featured_media":12291,"comment_status":"open","ping_status":"open","sticky":false,"template":"","format":"standard","meta":{"footnotes":""},"categories":[1,7],"tags":[108],"class_list":["post-12282","post","type-post","status-publish","format-standard","has-post-thumbnail","hentry","category-noticias","category-politica","tag-belmonte"],"_links":{"self":[{"href":"https:\/\/www.maisbn.com\/portal\/wp-json\/wp\/v2\/posts\/12282","targetHints":{"allow":["GET"]}}],"collection":[{"href":"https:\/\/www.maisbn.com\/portal\/wp-json\/wp\/v2\/posts"}],"about":[{"href":"https:\/\/www.maisbn.com\/portal\/wp-json\/wp\/v2\/types\/post"}],"author":[{"embeddable":true,"href":"https:\/\/www.maisbn.com\/portal\/wp-json\/wp\/v2\/users\/7"}],"replies":[{"embeddable":true,"href":"https:\/\/www.maisbn.com\/portal\/wp-json\/wp\/v2\/comments?post=12282"}],"version-history":[{"count":1,"href":"https:\/\/www.maisbn.com\/portal\/wp-json\/wp\/v2\/posts\/12282\/revisions"}],"predecessor-version":[{"id":12292,"href":"https:\/\/www.maisbn.com\/portal\/wp-json\/wp\/v2\/posts\/12282\/revisions\/12292"}],"wp:featuredmedia":[{"embeddable":true,"href":"https:\/\/www.maisbn.com\/portal\/wp-json\/wp\/v2\/media\/12291"}],"wp:attachment":[{"href":"https:\/\/www.maisbn.com\/portal\/wp-json\/wp\/v2\/media?parent=12282"}],"wp:term":[{"taxonomy":"category","embeddable":true,"href":"https:\/\/www.maisbn.com\/portal\/wp-json\/wp\/v2\/categories?post=12282"},{"taxonomy":"post_tag","embeddable":true,"href":"https:\/\/www.maisbn.com\/portal\/wp-json\/wp\/v2\/tags?post=12282"}],"curies":[{"name":"wp","href":"https:\/\/api.w.org\/{rel}","templated":true}]}}