{"id":12275,"date":"2016-09-10T15:48:14","date_gmt":"2016-09-10T18:48:14","guid":{"rendered":"http:\/\/www.maisbn.com\/portal\/?p=12275"},"modified":"2016-09-10T17:48:36","modified_gmt":"2016-09-10T20:48:36","slug":"janio-natal-e-janival-realizam-o-seu-primeiro-comicio-em-belmonte","status":"publish","type":"post","link":"https:\/\/www.maisbn.com\/portal\/2016\/09\/janio-natal-e-janival-realizam-o-seu-primeiro-comicio-em-belmonte\/","title":{"rendered":"J\u00e2nio Natal e Janival realizam o seu primeiro com\u00edcio em Belmonte."},"content":{"rendered":"<p><a href=\"http:\/\/www.maisbn.com\/portal\/wp-content\/uploads\/2016\/09\/IMG-20160910-WA0158.jpg\"><img loading=\"lazy\" decoding=\"async\" class=\"aligncenter size-full wp-image-12276\" src=\"http:\/\/www.maisbn.com\/portal\/wp-content\/uploads\/2016\/09\/IMG-20160910-WA0158.jpg\" alt=\"img-20160910-wa0158\" width=\"700\" height=\"700\" \/><\/a><\/p>\n<p><span style=\"color: #000000;\">Nesta s\u00e1bado (10\/09) acontecer\u00e1 o segundo com\u00edcio das Elei\u00e7\u00f5es 2016 em Belmonte. O evento ser\u00e1 realizado pela Coliga\u00e7\u00e3o &#8216;Juntos Seremos Fortes&#8217; que apoia a candidatura de J\u00e2nio Natal e Janival Andrade, seu vice. O com\u00edcio ter\u00e1 a presen\u00e7a do ex-pugilistas Acelino Pop\u00f3 de Freitas e seus correligion\u00e1rios acreditam que ser\u00e1 um dos maiores eventos pol\u00edticos dessa elei\u00e7\u00e3o.<\/span><\/p>\n","protected":false},"excerpt":{"rendered":"<p>Nesta s\u00e1bado (10\/09) acontecer\u00e1 o segundo com\u00edcio das Elei\u00e7\u00f5es 2016 em Belmonte. O evento ser\u00e1 realizado pela Coliga\u00e7\u00e3o &#8216;Juntos Seremos Fortes&#8217; que apoia a candidatura de J\u00e2nio Natal e Janival Andrade, seu vice. O com\u00edcio ter\u00e1 a presen\u00e7a do ex-pugilistas Acelino Pop\u00f3 de Freitas e seus correligion\u00e1rios acreditam que ser\u00e1 um dos maiores eventos pol\u00edticos [&hellip;]<\/p>\n","protected":false},"author":7,"featured_media":12276,"comment_status":"open","ping_status":"open","sticky":false,"template":"","format":"standard","meta":{"footnotes":""},"categories":[1,7],"tags":[108],"class_list":["post-12275","post","type-post","status-publish","format-standard","has-post-thumbnail","hentry","category-noticias","category-politica","tag-belmonte"],"_links":{"self":[{"href":"https:\/\/www.maisbn.com\/portal\/wp-json\/wp\/v2\/posts\/12275","targetHints":{"allow":["GET"]}}],"collection":[{"href":"https:\/\/www.maisbn.com\/portal\/wp-json\/wp\/v2\/posts"}],"about":[{"href":"https:\/\/www.maisbn.com\/portal\/wp-json\/wp\/v2\/types\/post"}],"author":[{"embeddable":true,"href":"https:\/\/www.maisbn.com\/portal\/wp-json\/wp\/v2\/users\/7"}],"replies":[{"embeddable":true,"href":"https:\/\/www.maisbn.com\/portal\/wp-json\/wp\/v2\/comments?post=12275"}],"version-history":[{"count":1,"href":"https:\/\/www.maisbn.com\/portal\/wp-json\/wp\/v2\/posts\/12275\/revisions"}],"predecessor-version":[{"id":12277,"href":"https:\/\/www.maisbn.com\/portal\/wp-json\/wp\/v2\/posts\/12275\/revisions\/12277"}],"wp:featuredmedia":[{"embeddable":true,"href":"https:\/\/www.maisbn.com\/portal\/wp-json\/wp\/v2\/media\/12276"}],"wp:attachment":[{"href":"https:\/\/www.maisbn.com\/portal\/wp-json\/wp\/v2\/media?parent=12275"}],"wp:term":[{"taxonomy":"category","embeddable":true,"href":"https:\/\/www.maisbn.com\/portal\/wp-json\/wp\/v2\/categories?post=12275"},{"taxonomy":"post_tag","embeddable":true,"href":"https:\/\/www.maisbn.com\/portal\/wp-json\/wp\/v2\/tags?post=12275"}],"curies":[{"name":"wp","href":"https:\/\/api.w.org\/{rel}","templated":true}]}}