{"id":12238,"date":"2016-09-09T09:47:20","date_gmt":"2016-09-09T12:47:20","guid":{"rendered":"http:\/\/www.maisbn.com\/portal\/?p=12238"},"modified":"2016-09-09T09:50:16","modified_gmt":"2016-09-09T12:50:16","slug":"dois-lindos-desfiles-civicos-marcam-o-dia-da-independencia-do-brasil-em-barrolandia","status":"publish","type":"post","link":"https:\/\/www.maisbn.com\/portal\/2016\/09\/dois-lindos-desfiles-civicos-marcam-o-dia-da-independencia-do-brasil-em-barrolandia\/","title":{"rendered":"Dois Lindos desfiles c\u00edvicos marcam o dia da Independ\u00eancia do Brasil em Barrol\u00e2ndia."},"content":{"rendered":"<p><span style=\"color: #000000;\"><a href=\"http:\/\/www.maisbn.com\/portal\/wp-content\/uploads\/2016\/09\/desfilebarrolandia00082.jpg\"><img loading=\"lazy\" decoding=\"async\" class=\"aligncenter size-full wp-image-12240\" src=\"http:\/\/www.maisbn.com\/portal\/wp-content\/uploads\/2016\/09\/desfilebarrolandia00082.jpg\" alt=\"desfilebarrolandia00082\" width=\"650\" height=\"412\" \/><\/a><\/span><\/p>\n<p><span style=\"color: #000000;\">Barrol\u00e2ndia festejou o feriado de 07 de setembro com dois lindos desfiles que levaram a popula\u00e7\u00e3o \u00e0s ruas para comemorar a data da Independ\u00eancia do Brasil. O primeiro desfile aconteceu na ter\u00e7a-feira (06\/09) onde as crian\u00e7as da creche Maria Nilda Garcez da Silva sa\u00edram pelas principais ruas do distrito acompanhadas pela Fanfarra do Col\u00e9gio Antonio Carlos Magalh\u00e3es. O desfile foi dividido em v\u00e1rios temas onde as crian\u00e7as se apresentaram vestidas ao car\u00e1ter do assunto tratado em cada ala.<\/span><\/p>\n<p><a href=\"http:\/\/www.maisbn.com\/portal\/wp-content\/uploads\/2016\/09\/mosaico_desfilebarrolandia.jpg\"><img loading=\"lazy\" decoding=\"async\" class=\"aligncenter size-full wp-image-12241\" src=\"http:\/\/www.maisbn.com\/portal\/wp-content\/uploads\/2016\/09\/mosaico_desfilebarrolandia.jpg\" alt=\"mosaico_desfilebarrolandia\" width=\"700\" height=\"450\" \/><\/a><\/p>\n<p><span style=\"color: #000000;\">No dia 07\/09 foi a vez das escolas de Barrol\u00e2ndia desfilarem ao som da Fanfarra BANTIB. A Prefeita Alice Britto e sua comitiva se fizeram presentes no evento. O desfile das escolas tamb\u00e9m tratou de v\u00e1rios temas hist\u00f3ricos da sociedade brasileira e arrancou aplausos da popula\u00e7\u00e3o por onde passava.<\/span><\/p>\n","protected":false},"excerpt":{"rendered":"<p>Barrol\u00e2ndia festejou o feriado de 07 de setembro com dois lindos desfiles que levaram a popula\u00e7\u00e3o \u00e0s ruas para comemorar a data da Independ\u00eancia do Brasil. O primeiro desfile aconteceu na ter\u00e7a-feira (06\/09) onde as crian\u00e7as da creche Maria Nilda Garcez da Silva sa\u00edram pelas principais ruas do distrito acompanhadas pela Fanfarra do Col\u00e9gio Antonio [&hellip;]<\/p>\n","protected":false},"author":7,"featured_media":12241,"comment_status":"open","ping_status":"open","sticky":false,"template":"","format":"standard","meta":{"footnotes":""},"categories":[45,1],"tags":[108],"class_list":["post-12238","post","type-post","status-publish","format-standard","has-post-thumbnail","hentry","category-cidades","category-noticias","tag-belmonte"],"_links":{"self":[{"href":"https:\/\/www.maisbn.com\/portal\/wp-json\/wp\/v2\/posts\/12238","targetHints":{"allow":["GET"]}}],"collection":[{"href":"https:\/\/www.maisbn.com\/portal\/wp-json\/wp\/v2\/posts"}],"about":[{"href":"https:\/\/www.maisbn.com\/portal\/wp-json\/wp\/v2\/types\/post"}],"author":[{"embeddable":true,"href":"https:\/\/www.maisbn.com\/portal\/wp-json\/wp\/v2\/users\/7"}],"replies":[{"embeddable":true,"href":"https:\/\/www.maisbn.com\/portal\/wp-json\/wp\/v2\/comments?post=12238"}],"version-history":[{"count":3,"href":"https:\/\/www.maisbn.com\/portal\/wp-json\/wp\/v2\/posts\/12238\/revisions"}],"predecessor-version":[{"id":12244,"href":"https:\/\/www.maisbn.com\/portal\/wp-json\/wp\/v2\/posts\/12238\/revisions\/12244"}],"wp:featuredmedia":[{"embeddable":true,"href":"https:\/\/www.maisbn.com\/portal\/wp-json\/wp\/v2\/media\/12241"}],"wp:attachment":[{"href":"https:\/\/www.maisbn.com\/portal\/wp-json\/wp\/v2\/media?parent=12238"}],"wp:term":[{"taxonomy":"category","embeddable":true,"href":"https:\/\/www.maisbn.com\/portal\/wp-json\/wp\/v2\/categories?post=12238"},{"taxonomy":"post_tag","embeddable":true,"href":"https:\/\/www.maisbn.com\/portal\/wp-json\/wp\/v2\/tags?post=12238"}],"curies":[{"name":"wp","href":"https:\/\/api.w.org\/{rel}","templated":true}]}}