{"id":12234,"date":"2016-09-08T15:19:20","date_gmt":"2016-09-08T18:19:20","guid":{"rendered":"http:\/\/www.maisbn.com\/portal\/?p=12234"},"modified":"2016-09-08T15:19:20","modified_gmt":"2016-09-08T18:19:20","slug":"participantes-do-aspex-bahia-florestal-2016-visitam-a-fabrica-da-veracel-celulose","status":"publish","type":"post","link":"https:\/\/www.maisbn.com\/portal\/2016\/09\/participantes-do-aspex-bahia-florestal-2016-visitam-a-fabrica-da-veracel-celulose\/","title":{"rendered":"Participantes do Aspex Bahia Florestal 2016 visitam a f\u00e1brica da Veracel Celulose."},"content":{"rendered":"<p>O encerramento do Aspex Bahia Florestal 2016 aconteceu na tarde do dia 02\/09 com uma visita \u00e0 f\u00e1brica da Veracel Celulose e na fazenda Calif\u00f3rnia, propriedade modelo vinculada ao Programa Produtor Florestal (PPF) da Veracel e membro da Associa\u00e7\u00e3o dos Produtores Florestais do Sul e Extremo Sul da Bahia (Aspex). Um grupo de 85 participantes.<\/p>\n<div id=\"attachment_12236\" style=\"width: 660px\" class=\"wp-caption aligncenter\"><a href=\"http:\/\/www.maisbn.com\/portal\/wp-content\/uploads\/2016\/09\/VisitaFazendaCalif\u00f3rnia.jpg\"><img loading=\"lazy\" decoding=\"async\" aria-describedby=\"caption-attachment-12236\" class=\"wp-image-12236 size-full\" src=\"http:\/\/www.maisbn.com\/portal\/wp-content\/uploads\/2016\/09\/VisitaFazendaCalif\u00f3rnia.jpg\" alt=\"visitafazendacalifornia\" width=\"650\" height=\"488\" \/><\/a><p id=\"caption-attachment-12236\" class=\"wp-caption-text\">Visita \u00e0 Fazenda Calif\u00f3rnia<\/p><\/div>\n<p>Na f\u00e1brica da Veracel, o grupo formado por 85 participantes do evento puderam ver de perto todas as etapas de produ\u00e7\u00e3o de celulose desde a transforma\u00e7\u00e3o das toras de eucalipto em cavacos at\u00e9 o enfardamento e o transporte da celulose para o Terminal Mar\u00edtimo de Belmonte (TMB). Ap\u00f3s a visita \u00e0 f\u00e1brica, o grupo seguiu para fazenda Calif\u00f3rnia. L\u00e1, conheceram uma \u00e1rea de plantio de eucalipto com manejo florestal duplamente certificado e sua integra\u00e7\u00e3o com outras culturas e pecu\u00e1ria.<\/p>\n<div id=\"attachment_12235\" style=\"width: 660px\" class=\"wp-caption aligncenter\"><a href=\"http:\/\/www.maisbn.com\/portal\/wp-content\/uploads\/2016\/09\/Visitafabricaveracel.jpg\"><img loading=\"lazy\" decoding=\"async\" aria-describedby=\"caption-attachment-12235\" class=\"wp-image-12235 size-full\" src=\"http:\/\/www.maisbn.com\/portal\/wp-content\/uploads\/2016\/09\/Visitafabricaveracel.jpg\" alt=\"visitafabricaveracel\" width=\"650\" height=\"488\" \/><\/a><p id=\"caption-attachment-12235\" class=\"wp-caption-text\">Visita \u00e0 F\u00e1brica da Veracel<\/p><\/div>\n<p>O propriet\u00e1rio da fazenda Calif\u00f3rnia, Ant\u00f4nio Cruz, disse que essa foi uma excelente oportunidade para a sociedade conhecer um pouco mais sobre o que \u00e9 silvicultura e como ela beneficia toda a regi\u00e3o. \u201cN\u00f3s produzimos com responsabilidade e isso \u00e9 o mais importante. Cuidados do meio ambiente ao mesmo tempo em que somos geradores de renda e desenvolvimento\u201d, ressaltou.<\/p>\n","protected":false},"excerpt":{"rendered":"<p>O encerramento do Aspex Bahia Florestal 2016 aconteceu na tarde do dia 02\/09 com uma visita \u00e0 f\u00e1brica da Veracel Celulose e na fazenda Calif\u00f3rnia, propriedade modelo vinculada ao Programa Produtor Florestal (PPF) da Veracel e membro da Associa\u00e7\u00e3o dos Produtores Florestais do Sul e Extremo Sul da Bahia (Aspex). Um grupo de 85 participantes. [&hellip;]<\/p>\n","protected":false},"author":7,"featured_media":12236,"comment_status":"open","ping_status":"open","sticky":false,"template":"","format":"standard","meta":{"footnotes":""},"categories":[29,1],"tags":[108],"class_list":["post-12234","post","type-post","status-publish","format-standard","has-post-thumbnail","hentry","category-empreendimentos","category-noticias","tag-belmonte"],"_links":{"self":[{"href":"https:\/\/www.maisbn.com\/portal\/wp-json\/wp\/v2\/posts\/12234","targetHints":{"allow":["GET"]}}],"collection":[{"href":"https:\/\/www.maisbn.com\/portal\/wp-json\/wp\/v2\/posts"}],"about":[{"href":"https:\/\/www.maisbn.com\/portal\/wp-json\/wp\/v2\/types\/post"}],"author":[{"embeddable":true,"href":"https:\/\/www.maisbn.com\/portal\/wp-json\/wp\/v2\/users\/7"}],"replies":[{"embeddable":true,"href":"https:\/\/www.maisbn.com\/portal\/wp-json\/wp\/v2\/comments?post=12234"}],"version-history":[{"count":1,"href":"https:\/\/www.maisbn.com\/portal\/wp-json\/wp\/v2\/posts\/12234\/revisions"}],"predecessor-version":[{"id":12237,"href":"https:\/\/www.maisbn.com\/portal\/wp-json\/wp\/v2\/posts\/12234\/revisions\/12237"}],"wp:featuredmedia":[{"embeddable":true,"href":"https:\/\/www.maisbn.com\/portal\/wp-json\/wp\/v2\/media\/12236"}],"wp:attachment":[{"href":"https:\/\/www.maisbn.com\/portal\/wp-json\/wp\/v2\/media?parent=12234"}],"wp:term":[{"taxonomy":"category","embeddable":true,"href":"https:\/\/www.maisbn.com\/portal\/wp-json\/wp\/v2\/categories?post=12234"},{"taxonomy":"post_tag","embeddable":true,"href":"https:\/\/www.maisbn.com\/portal\/wp-json\/wp\/v2\/tags?post=12234"}],"curies":[{"name":"wp","href":"https:\/\/api.w.org\/{rel}","templated":true}]}}