{"id":12228,"date":"2016-09-08T00:35:37","date_gmt":"2016-09-08T03:35:37","guid":{"rendered":"http:\/\/www.maisbn.com\/portal\/?p=12228"},"modified":"2016-09-08T00:35:37","modified_gmt":"2016-09-08T03:35:37","slug":"lindo-desfile-civico-marca-o-feriado-de-07-de-setembro-em-belmonte","status":"publish","type":"post","link":"https:\/\/www.maisbn.com\/portal\/2016\/09\/lindo-desfile-civico-marca-o-feriado-de-07-de-setembro-em-belmonte\/","title":{"rendered":"Lindo Desfile C\u00edvico marca o feriado de 07 de Setembro em Belmonte."},"content":{"rendered":"<p><span style=\"color: #000000;\">Um dia bonito dia de sol marcou as comemora\u00e7\u00f5es do 07 de Setembro em Belmonte e serviu como palco para o grande desfile que marcou a data na cidade.<\/span><\/p>\n<p><a href=\"http:\/\/www.maisbn.com\/portal\/wp-content\/uploads\/2016\/09\/7desetembro00031.jpg\"><img loading=\"lazy\" decoding=\"async\" class=\"aligncenter size-full wp-image-12229\" src=\"http:\/\/www.maisbn.com\/portal\/wp-content\/uploads\/2016\/09\/7desetembro00031.jpg\" alt=\"7desetembro00031\" width=\"650\" height=\"412\" \/><\/a><\/p>\n<p><span style=\"color: #000000;\">A cerim\u00f4nia de comemora\u00e7\u00e3o ao dia da Independ\u00eancia do Brasil come\u00e7ou por volta das 09:00Hrs da manh\u00e3 com o hasteamento das bandeiras ao som do Hino Nacional e da Independ\u00eancia executados pela Lyra Popular de Belmonte. As bandeiras foram hasteadas pelo Secret\u00e1rio Municipal de Educa\u00e7\u00e3o, Claudio Theodoro, a Prefeita Alice Britto e o Vereador Carlos Aguiar (Lilico). Durante o momento a Prefeita Alice Britto se emocionou chegando \u00e0s l\u00e1grimas, logo ap\u00f3s a Prefeita discursou para os belmontenses explicando a import\u00e2ncia da Independ\u00eancia do Brasil e como esse exemplo pode ser tamb\u00e9m usado na vida dos belmontenses. &#8220;N\u00f3s tamb\u00e9m temos que lutar por nossa independ\u00eancia. N\u00e3o vendam o seu voto e apostem em pessoas que est\u00e3o realmente preocupadas com o nosso povo. Vamos ser livres e lutar por nossa liberdade de escolher um futuro melhor para a nossa cidade.&#8221; &#8211; Comentou Alice.<\/span><\/p>\n<p><a href=\"http:\/\/www.maisbn.com\/portal\/wp-content\/uploads\/2016\/09\/mosaico_desfilecivico.jpg\"><img loading=\"lazy\" decoding=\"async\" class=\"aligncenter size-full wp-image-12231\" src=\"http:\/\/www.maisbn.com\/portal\/wp-content\/uploads\/2016\/09\/mosaico_desfilecivico.jpg\" alt=\"mosaico_desfilecivico\" width=\"700\" height=\"450\" \/><\/a><\/p>\n<p><span style=\"color: #000000;\">Em seguida come\u00e7ou efetivamente o desfile c\u00edvico onde se apresentaram as escolas Teixeira de Freitas, Pedro Calmon, Edgard Santos, Licia Maria Paternostro, Ant\u00f4nia Porto, Lucio Coelho e Glaucia. O som dos desfile ficou por conta das Fanfarras BAMTIB (Tigres de Belmonte), Fanfarra do L\u00facio Coelho e FANMUP.<\/span><\/p>\n","protected":false},"excerpt":{"rendered":"<p>Um dia bonito dia de sol marcou as comemora\u00e7\u00f5es do 07 de Setembro em Belmonte e serviu como palco para o grande desfile que marcou a data na cidade. A cerim\u00f4nia de comemora\u00e7\u00e3o ao dia da Independ\u00eancia do Brasil come\u00e7ou por volta das 09:00Hrs da manh\u00e3 com o hasteamento das bandeiras ao som do Hino [&hellip;]<\/p>\n","protected":false},"author":7,"featured_media":12231,"comment_status":"open","ping_status":"open","sticky":false,"template":"","format":"standard","meta":{"footnotes":""},"categories":[45,1],"tags":[108],"class_list":["post-12228","post","type-post","status-publish","format-standard","has-post-thumbnail","hentry","category-cidades","category-noticias","tag-belmonte"],"_links":{"self":[{"href":"https:\/\/www.maisbn.com\/portal\/wp-json\/wp\/v2\/posts\/12228","targetHints":{"allow":["GET"]}}],"collection":[{"href":"https:\/\/www.maisbn.com\/portal\/wp-json\/wp\/v2\/posts"}],"about":[{"href":"https:\/\/www.maisbn.com\/portal\/wp-json\/wp\/v2\/types\/post"}],"author":[{"embeddable":true,"href":"https:\/\/www.maisbn.com\/portal\/wp-json\/wp\/v2\/users\/7"}],"replies":[{"embeddable":true,"href":"https:\/\/www.maisbn.com\/portal\/wp-json\/wp\/v2\/comments?post=12228"}],"version-history":[{"count":1,"href":"https:\/\/www.maisbn.com\/portal\/wp-json\/wp\/v2\/posts\/12228\/revisions"}],"predecessor-version":[{"id":12232,"href":"https:\/\/www.maisbn.com\/portal\/wp-json\/wp\/v2\/posts\/12228\/revisions\/12232"}],"wp:featuredmedia":[{"embeddable":true,"href":"https:\/\/www.maisbn.com\/portal\/wp-json\/wp\/v2\/media\/12231"}],"wp:attachment":[{"href":"https:\/\/www.maisbn.com\/portal\/wp-json\/wp\/v2\/media?parent=12228"}],"wp:term":[{"taxonomy":"category","embeddable":true,"href":"https:\/\/www.maisbn.com\/portal\/wp-json\/wp\/v2\/categories?post=12228"},{"taxonomy":"post_tag","embeddable":true,"href":"https:\/\/www.maisbn.com\/portal\/wp-json\/wp\/v2\/tags?post=12228"}],"curies":[{"name":"wp","href":"https:\/\/api.w.org\/{rel}","templated":true}]}}