{"id":12217,"date":"2016-09-07T19:44:54","date_gmt":"2016-09-07T22:44:54","guid":{"rendered":"http:\/\/www.maisbn.com\/portal\/?p=12217"},"modified":"2016-09-07T19:44:54","modified_gmt":"2016-09-07T22:44:54","slug":"grande-evento-marca-o-10o-batizado-e-troca-de-cordas-da-associacao-arte-baiana","status":"publish","type":"post","link":"https:\/\/www.maisbn.com\/portal\/2016\/09\/grande-evento-marca-o-10o-batizado-e-troca-de-cordas-da-associacao-arte-baiana\/","title":{"rendered":"Grande evento marca o 10\u00ba Batizado e Troca de Cordas da Associa\u00e7\u00e3o Arte Baiana."},"content":{"rendered":"<p><span style=\"color: #000000;\">Aconteceu em Belmonte um grande evento de capoeira organizado pela Associa\u00e7ao Cultural Arte Baiana. Estamos falando do D\u00e9cimo Batizado e Troca de Cordas da institui\u00e7\u00e3o que contou com a presen\u00e7a de um grande n\u00famero de capoeirista vindos de v\u00e1rias partes do pa\u00eds.<\/span><\/p>\n<p><span style=\"color: #000000;\"><a style=\"color: #000000;\" href=\"http:\/\/www.maisbn.com\/portal\/wp-content\/uploads\/2016\/09\/eventodecapoeira00229.jpg\"><img loading=\"lazy\" decoding=\"async\" class=\"aligncenter size-full wp-image-12218\" src=\"http:\/\/www.maisbn.com\/portal\/wp-content\/uploads\/2016\/09\/eventodecapoeira00229.jpg\" alt=\"eventodecapoeira00229\" width=\"650\" height=\"412\" \/><\/a><\/span><\/p>\n<p><span style=\"color: #000000;\">O evento\u00a0 come\u00e7ou na quarta-feira (31\/08) onde aconteceu um &#8216;aul\u00e3o&#8217; de capoeira coordenada pelo Contramestre Ver\u00fa Filho. Em seguida os participantes do evento fizeram uma roda de capoeira muito animada para comemorar o anivers\u00e1rio de Ver\u00fa. O evento ainda contou com uma calorosa recep\u00e7\u00e3o para os Mestres Duda, Bara\u00fana, CM Topo, \u00cdndio e Erva Doce realizada pelos alunos da Associa\u00e7\u00e3o e a coordena\u00e7\u00e3o do evento.<\/span><\/p>\n<p><span style=\"color: #000000;\"><a style=\"color: #000000;\" href=\"http:\/\/www.maisbn.com\/portal\/wp-content\/uploads\/2016\/09\/eventodecapoeira00244.jpg\"><img loading=\"lazy\" decoding=\"async\" class=\"aligncenter size-full wp-image-12219\" src=\"http:\/\/www.maisbn.com\/portal\/wp-content\/uploads\/2016\/09\/eventodecapoeira00244.jpg\" alt=\"eventodecapoeira00244\" width=\"650\" height=\"412\" \/><\/a><\/span><\/p>\n<p><span style=\"color: #000000;\">No dia 01\/09 aconteceu a Oficina de Capoeira Infantil ministrada pelo Contramestre Topogigio. Alguns pais acompanharam a Oficina e elogiaram o profissionalismo do ministrador e da equipe de coordena\u00e7\u00e3o do evento. Tamb\u00e9m tivemos a Oficina de Capoeira para o p\u00fablico adulto Ministrada pelo Mestre Bara\u00fana que deixou todos os presentes admirados com a sua experi\u00eancia e grande conhecimento dos fundamentos da Capoeira Baiana.<\/span><\/p>\n<p><span style=\"color: #000000;\"><a style=\"color: #000000;\" href=\"http:\/\/www.maisbn.com\/portal\/wp-content\/uploads\/2016\/09\/eventodecapoeira00076.jpg\"><img loading=\"lazy\" decoding=\"async\" class=\"aligncenter size-full wp-image-12220\" src=\"http:\/\/www.maisbn.com\/portal\/wp-content\/uploads\/2016\/09\/eventodecapoeira00076.jpg\" alt=\"eventodecapoeira00076\" width=\"650\" height=\"412\" \/><\/a><\/span><\/p>\n<p><span style=\"color: #000000;\">No dia 02\/09 a programa\u00e7\u00e3o do evento foi iniciada com mais uma Oficina Infantil e os comandos dos trabalhos ficaram por conta do Contramestre Ver\u00fa Filho. Logo ap\u00f3s aconteceram duas Oficinas Adulto ministradas pelos Mestres Ded\u00e9 e Barauna. As atividades do dia foram encerradas com uma &#8216;Berimbalada&#8217; que aconteceu na Av. Rio Mar seguida de uma grande Roda de Capoeira que contou com a presen\u00e7a dos Mestres Estrela, Ded\u00e9, Bara\u00fana e \u00cdndio.<\/span><\/p>\n<p><span style=\"color: #000000;\"><a style=\"color: #000000;\" href=\"http:\/\/www.maisbn.com\/portal\/wp-content\/uploads\/2016\/09\/eventodecapoeira00205.jpg\"><img loading=\"lazy\" decoding=\"async\" class=\"aligncenter size-full wp-image-12221\" src=\"http:\/\/www.maisbn.com\/portal\/wp-content\/uploads\/2016\/09\/eventodecapoeira00205.jpg\" alt=\"eventodecapoeira00205\" width=\"650\" height=\"412\" \/><\/a><\/span><\/p>\n<p><span style=\"color: #000000;\">No dia 03\/09 aconteceu o t\u00e3o esperado Batizado e Troca de Cordas com apresenta\u00e7\u00f5es da Orquestra Mirim e diversas palestras. Logo ap\u00f3s aconteceu uma confraterniza\u00e7\u00e3o em comemora\u00e7\u00e3o ao anivers\u00e1rio do Contramestre Ver\u00fa Filho.<\/span><\/p>\n<p><span style=\"color: #000000;\">No dia 04\/09 a Associa\u00e7\u00e3o Cultural Arte Baiana promoveu um City Tour pela cidade e apresentou as belezas belmontenses aos participantes de outras cidades que prestigiaram o evento.<\/span><\/p>\n<p><span style=\"color: #000000;\"><a style=\"color: #000000;\" href=\"http:\/\/www.maisbn.com\/portal\/wp-content\/uploads\/2016\/09\/eventodecapoeira00175.jpg\"><img loading=\"lazy\" decoding=\"async\" class=\"aligncenter size-full wp-image-12222\" src=\"http:\/\/www.maisbn.com\/portal\/wp-content\/uploads\/2016\/09\/eventodecapoeira00175.jpg\" alt=\"eventodecapoeira00175\" width=\"650\" height=\"412\" \/><\/a><\/span><\/p>\n<p><span style=\"color: #000000;\">\u00a0A coordena\u00e7\u00e3o e organiza\u00e7\u00e3o do evento ficou por conta do Mestre Mal\u00edcia e do Contramestre Ver\u00fa Filho. As oficinas aconteceram na sede do Esporte Clube Am\u00e9rica e contou com o apoio total da Prefeitura Municipal de Belmonte, atrav\u00e9s da Secretaria Municipal de Esportes.&#8221;N\u00f3s fizemos quest\u00e3o de apoiar esse grande evento da Capoeira belmontense que cresceu muito durante a nossa gest\u00e3o. Para se ter uma ideia, quando assumimos existiam apenas tr\u00eas grupos de capoeira, agora, depois de quase quatro anos, Belmonte conta com oito grupos de capoeira atendendo cerca de 300 pessoas praticantes desse lindo esporte genuinamente brasileiro.&#8221; &#8211; Comentou Carolina Damasceno, Secret\u00e1ria Municipal de Esportes.<\/span><\/p>\n<p>&nbsp;<\/p>\n","protected":false},"excerpt":{"rendered":"<p>Aconteceu em Belmonte um grande evento de capoeira organizado pela Associa\u00e7ao Cultural Arte Baiana. Estamos falando do D\u00e9cimo Batizado e Troca de Cordas da institui\u00e7\u00e3o que contou com a presen\u00e7a de um grande n\u00famero de capoeirista vindos de v\u00e1rias partes do pa\u00eds. O evento\u00a0 come\u00e7ou na quarta-feira (31\/08) onde aconteceu um &#8216;aul\u00e3o&#8217; de capoeira coordenada [&hellip;]<\/p>\n","protected":false},"author":7,"featured_media":12218,"comment_status":"open","ping_status":"open","sticky":false,"template":"","format":"standard","meta":{"footnotes":""},"categories":[1],"tags":[],"class_list":["post-12217","post","type-post","status-publish","format-standard","has-post-thumbnail","hentry","category-noticias"],"_links":{"self":[{"href":"https:\/\/www.maisbn.com\/portal\/wp-json\/wp\/v2\/posts\/12217","targetHints":{"allow":["GET"]}}],"collection":[{"href":"https:\/\/www.maisbn.com\/portal\/wp-json\/wp\/v2\/posts"}],"about":[{"href":"https:\/\/www.maisbn.com\/portal\/wp-json\/wp\/v2\/types\/post"}],"author":[{"embeddable":true,"href":"https:\/\/www.maisbn.com\/portal\/wp-json\/wp\/v2\/users\/7"}],"replies":[{"embeddable":true,"href":"https:\/\/www.maisbn.com\/portal\/wp-json\/wp\/v2\/comments?post=12217"}],"version-history":[{"count":1,"href":"https:\/\/www.maisbn.com\/portal\/wp-json\/wp\/v2\/posts\/12217\/revisions"}],"predecessor-version":[{"id":12223,"href":"https:\/\/www.maisbn.com\/portal\/wp-json\/wp\/v2\/posts\/12217\/revisions\/12223"}],"wp:featuredmedia":[{"embeddable":true,"href":"https:\/\/www.maisbn.com\/portal\/wp-json\/wp\/v2\/media\/12218"}],"wp:attachment":[{"href":"https:\/\/www.maisbn.com\/portal\/wp-json\/wp\/v2\/media?parent=12217"}],"wp:term":[{"taxonomy":"category","embeddable":true,"href":"https:\/\/www.maisbn.com\/portal\/wp-json\/wp\/v2\/categories?post=12217"},{"taxonomy":"post_tag","embeddable":true,"href":"https:\/\/www.maisbn.com\/portal\/wp-json\/wp\/v2\/tags?post=12217"}],"curies":[{"name":"wp","href":"https:\/\/api.w.org\/{rel}","templated":true}]}}