{"id":12196,"date":"2016-09-06T08:44:33","date_gmt":"2016-09-06T11:44:33","guid":{"rendered":"http:\/\/www.maisbn.com\/portal\/?p=12196"},"modified":"2016-09-06T08:44:33","modified_gmt":"2016-09-06T11:44:33","slug":"profissionais-da-atencao-basica-de-belmonte-assistem-palestra-sobre-os-perigos-do-tabagismo","status":"publish","type":"post","link":"https:\/\/www.maisbn.com\/portal\/2016\/09\/profissionais-da-atencao-basica-de-belmonte-assistem-palestra-sobre-os-perigos-do-tabagismo\/","title":{"rendered":"Profissionais da Aten\u00e7\u00e3o B\u00e1sica de Belmonte assistem palestra sobre os perigos do Tabagismo."},"content":{"rendered":"<p><span style=\"color: #000000;\">A Secretaria Municipal de Sa\u00fade de Belmonte realizou no \u00faltimo dia 02\/09 uma palestra com o objetivo de atualizar os conhecimentos das equipes de Aten\u00e7\u00e3o B\u00e1sica de Sa\u00fade que atuam na cidade. O evento foi realizado por profissionais da Unidade de Sa\u00fade da Fam\u00edlia Am\u00e1lia Menezes Elias, localizada no Bairro Bom Jardim e o principal assunto foi o tabagismo e o perigo que a pr\u00e1tica representa para a sa\u00fade das pessoas.<\/span><\/p>\n<p><a href=\"http:\/\/www.maisbn.com\/portal\/wp-content\/uploads\/2016\/09\/capacitacaosaude00001.jpg\"><img loading=\"lazy\" decoding=\"async\" class=\"aligncenter size-full wp-image-12197\" src=\"http:\/\/www.maisbn.com\/portal\/wp-content\/uploads\/2016\/09\/capacitacaosaude00001.jpg\" alt=\"capacitacaosaude00001\" width=\"650\" height=\"412\" \/><\/a><\/p>\n<p><span style=\"color: #000000;\">Foi tratado durante a palestra a forma de se abordar as pessoas que fazem o uso excessivo de cigarros e como alert\u00e1-las do mal que o uso faz \u00e0 sa\u00fade. Tamb\u00e9m foi abordado o grande problema da pr\u00e1tica do tabagismo entre os jovens onde o cigarro se torna ainda mais perigoso trazendo altera\u00e7\u00f5es perigosas para um organismo que ainda est\u00e1 em desenvolvimento.<\/span><\/p>\n<p><a href=\"http:\/\/www.maisbn.com\/portal\/wp-content\/uploads\/2016\/09\/capacitacaosaude00019.jpg\"><img loading=\"lazy\" decoding=\"async\" class=\"aligncenter size-full wp-image-12198\" src=\"http:\/\/www.maisbn.com\/portal\/wp-content\/uploads\/2016\/09\/capacitacaosaude00019.jpg\" alt=\"capacitacaosaude00019\" width=\"650\" height=\"412\" \/><\/a><\/p>\n<p><span style=\"color: #000000;\">As palestras foram ministradas por Dr. Davi, Dr\u00aa. Bebete e pela enfermeira Nicole. Os profissionais disseram que as informa\u00e7\u00f5es foram proveitosas, que tiraram v\u00e1rias d\u00favidas e que tudo o que foi apresentado ser\u00e1 usado nos trabalhos com a comunidade. A Secretaria Municipal de Sa\u00fade informou que vem investindo na especializa\u00e7\u00e3o e atualiza\u00e7\u00e3o dos conhecimentos dos profissionais da sa\u00fade que atuam na cidade e que v\u00e1rias outras a\u00e7\u00f5es est\u00e3o previstas at\u00e9 o final do ano.<\/span><\/p>\n","protected":false},"excerpt":{"rendered":"<p>A Secretaria Municipal de Sa\u00fade de Belmonte realizou no \u00faltimo dia 02\/09 uma palestra com o objetivo de atualizar os conhecimentos das equipes de Aten\u00e7\u00e3o B\u00e1sica de Sa\u00fade que atuam na cidade. O evento foi realizado por profissionais da Unidade de Sa\u00fade da Fam\u00edlia Am\u00e1lia Menezes Elias, localizada no Bairro Bom Jardim e o principal [&hellip;]<\/p>\n","protected":false},"author":7,"featured_media":12197,"comment_status":"open","ping_status":"open","sticky":false,"template":"","format":"standard","meta":{"footnotes":""},"categories":[1,28],"tags":[108],"class_list":["post-12196","post","type-post","status-publish","format-standard","has-post-thumbnail","hentry","category-noticias","category-saude-noticias","tag-belmonte"],"_links":{"self":[{"href":"https:\/\/www.maisbn.com\/portal\/wp-json\/wp\/v2\/posts\/12196","targetHints":{"allow":["GET"]}}],"collection":[{"href":"https:\/\/www.maisbn.com\/portal\/wp-json\/wp\/v2\/posts"}],"about":[{"href":"https:\/\/www.maisbn.com\/portal\/wp-json\/wp\/v2\/types\/post"}],"author":[{"embeddable":true,"href":"https:\/\/www.maisbn.com\/portal\/wp-json\/wp\/v2\/users\/7"}],"replies":[{"embeddable":true,"href":"https:\/\/www.maisbn.com\/portal\/wp-json\/wp\/v2\/comments?post=12196"}],"version-history":[{"count":1,"href":"https:\/\/www.maisbn.com\/portal\/wp-json\/wp\/v2\/posts\/12196\/revisions"}],"predecessor-version":[{"id":12199,"href":"https:\/\/www.maisbn.com\/portal\/wp-json\/wp\/v2\/posts\/12196\/revisions\/12199"}],"wp:featuredmedia":[{"embeddable":true,"href":"https:\/\/www.maisbn.com\/portal\/wp-json\/wp\/v2\/media\/12197"}],"wp:attachment":[{"href":"https:\/\/www.maisbn.com\/portal\/wp-json\/wp\/v2\/media?parent=12196"}],"wp:term":[{"taxonomy":"category","embeddable":true,"href":"https:\/\/www.maisbn.com\/portal\/wp-json\/wp\/v2\/categories?post=12196"},{"taxonomy":"post_tag","embeddable":true,"href":"https:\/\/www.maisbn.com\/portal\/wp-json\/wp\/v2\/tags?post=12196"}],"curies":[{"name":"wp","href":"https:\/\/api.w.org\/{rel}","templated":true}]}}