{"id":12189,"date":"2016-09-05T22:48:47","date_gmt":"2016-09-06T01:48:47","guid":{"rendered":"http:\/\/www.maisbn.com\/portal\/?p=12189"},"modified":"2016-09-05T22:53:19","modified_gmt":"2016-09-06T01:53:19","slug":"populacao-revoltada-impede-que-vereadores-votem-projeto-que-aumenta-os-seus-proprios-salarios","status":"publish","type":"post","link":"https:\/\/www.maisbn.com\/portal\/2016\/09\/populacao-revoltada-impede-que-vereadores-votem-projeto-que-aumenta-os-seus-proprios-salarios\/","title":{"rendered":"Popula\u00e7\u00e3o revoltada impede que vereadores votem projeto que aumenta os seus pr\u00f3prios sal\u00e1rios."},"content":{"rendered":"<p><span style=\"color: #000000;\">A popula\u00e7\u00e3o compareceu na sess\u00e3o dessa segunda-feira (05\/09) e impediu a vota\u00e7\u00e3o do projeto de lei que ir\u00e1 aumentar os sal\u00e1rios dos vereadores, prefeito e secret\u00e1rios municipais. <\/span><\/p>\n<p><a href=\"http:\/\/www.maisbn.com\/portal\/wp-content\/uploads\/2016\/09\/votacaoreajuste00001.jpg\"><img loading=\"lazy\" decoding=\"async\" class=\"aligncenter size-full wp-image-12190\" src=\"http:\/\/www.maisbn.com\/portal\/wp-content\/uploads\/2016\/09\/votacaoreajuste00001.jpg\" alt=\"votacaoreajuste00001\" width=\"650\" height=\"412\" \/><\/a><\/p>\n<p><span style=\"color: #000000;\">A sess\u00e3o come\u00e7ou por volta das 19:30Hrs, mas desde \u00e0s 18:30Hrs que uma multid\u00e3o revoltada j\u00e1 estava na frente do pr\u00e9dio esperando para ver se os edis teriam coragem de colocar o pol\u00eamico projeto em pauta. Os \u00e2nimos foram se exaltando e foi necess\u00e1rio chamar a pol\u00edcia para que a sess\u00e3o fosse iniciada. Diante da grande multid\u00e3o que lotou o plen\u00e1rio da casa, os vereadores decidiram n\u00e3o votar o ajuste e foram xingados pelos presentes. Alguns vereadores tentaram explicar que os sal\u00e1rios em quest\u00e3o j\u00e1 tinha quatro anos que n\u00e3o eram corrigidos e estavam desatualizados, mas a popula\u00e7\u00e3o n\u00e3o acolheu a justificativa. O Vereador Carvalho foi o primeiro a abandonar a sess\u00e3o seguido por seus colegas que n\u00e3o tiveram como dar andamento ao processo de vota\u00e7\u00e3o. Os vereadores Aelso Matos (Calango) e Edalvo n\u00e3o compareceram para a vota\u00e7\u00e3o e o motivo da aus\u00eancia n\u00e3o foi divulgado.<\/span><\/p>\n<p><a href=\"http:\/\/www.maisbn.com\/portal\/wp-content\/uploads\/2016\/09\/votacaoreajuste00002.jpg\"><img loading=\"lazy\" decoding=\"async\" class=\"aligncenter size-full wp-image-12191\" src=\"http:\/\/www.maisbn.com\/portal\/wp-content\/uploads\/2016\/09\/votacaoreajuste00002.jpg\" alt=\"votacaoreajuste00002\" width=\"650\" height=\"412\" \/><\/a><\/p>\n<p><span style=\"color: #000000;\">O pol\u00eamico projeto de aumento teve a sua primeira vota\u00e7\u00e3o no dia 29\/08 e disponibiliza para o pr\u00f3ximo ano um sal\u00e1rio de R$ 7.500,00 ( Sete Mil e Quinhentos) para vereadores e\u00a0 R$ 5.000,00 (Cinco Mil Reais) para os secret\u00e1rios municipais. O projeto tamb\u00e9m disponibiliza para o futuro prefeito um sal\u00e1rio de R$ 15.000,00 (Quinze Mil Reais). O reajustepassaria pela segunda vota\u00e7\u00e3o para ent\u00e3o ser enviado para a san\u00e7\u00e3o ou veto da Prefeita Alice Britto.<\/span><\/p>\n<p><a href=\"http:\/\/www.maisbn.com\/portal\/wp-content\/uploads\/2016\/09\/votacaoreajuste00004.jpg\"><img loading=\"lazy\" decoding=\"async\" class=\"aligncenter size-full wp-image-12192\" src=\"http:\/\/www.maisbn.com\/portal\/wp-content\/uploads\/2016\/09\/votacaoreajuste00004.jpg\" alt=\"votacaoreajuste00004\" width=\"650\" height=\"412\" \/><\/a><\/p>\n<p><span style=\"color: #000000;\">A popula\u00e7\u00e3o presente n\u00e3o se deu por vencida e promete n\u00e3o deixar que o reajuste seja votado. Alguns moradores ainda defendem uma redu\u00e7\u00e3o de sal\u00e1rios por entenderem que os representantes do povo tamb\u00e9m tem que fazer a sua parte para se adequarem aos tempos dif\u00edceis da economia atual.<\/span><\/p>\n","protected":false},"excerpt":{"rendered":"<p>A popula\u00e7\u00e3o compareceu na sess\u00e3o dessa segunda-feira (05\/09) e impediu a vota\u00e7\u00e3o do projeto de lei que ir\u00e1 aumentar os sal\u00e1rios dos vereadores, prefeito e secret\u00e1rios municipais. A sess\u00e3o come\u00e7ou por volta das 19:30Hrs, mas desde \u00e0s 18:30Hrs que uma multid\u00e3o revoltada j\u00e1 estava na frente do pr\u00e9dio esperando para ver se os edis teriam [&hellip;]<\/p>\n","protected":false},"author":7,"featured_media":12190,"comment_status":"open","ping_status":"open","sticky":false,"template":"","format":"standard","meta":{"footnotes":""},"categories":[1,7],"tags":[108],"class_list":["post-12189","post","type-post","status-publish","format-standard","has-post-thumbnail","hentry","category-noticias","category-politica","tag-belmonte"],"_links":{"self":[{"href":"https:\/\/www.maisbn.com\/portal\/wp-json\/wp\/v2\/posts\/12189","targetHints":{"allow":["GET"]}}],"collection":[{"href":"https:\/\/www.maisbn.com\/portal\/wp-json\/wp\/v2\/posts"}],"about":[{"href":"https:\/\/www.maisbn.com\/portal\/wp-json\/wp\/v2\/types\/post"}],"author":[{"embeddable":true,"href":"https:\/\/www.maisbn.com\/portal\/wp-json\/wp\/v2\/users\/7"}],"replies":[{"embeddable":true,"href":"https:\/\/www.maisbn.com\/portal\/wp-json\/wp\/v2\/comments?post=12189"}],"version-history":[{"count":3,"href":"https:\/\/www.maisbn.com\/portal\/wp-json\/wp\/v2\/posts\/12189\/revisions"}],"predecessor-version":[{"id":12195,"href":"https:\/\/www.maisbn.com\/portal\/wp-json\/wp\/v2\/posts\/12189\/revisions\/12195"}],"wp:featuredmedia":[{"embeddable":true,"href":"https:\/\/www.maisbn.com\/portal\/wp-json\/wp\/v2\/media\/12190"}],"wp:attachment":[{"href":"https:\/\/www.maisbn.com\/portal\/wp-json\/wp\/v2\/media?parent=12189"}],"wp:term":[{"taxonomy":"category","embeddable":true,"href":"https:\/\/www.maisbn.com\/portal\/wp-json\/wp\/v2\/categories?post=12189"},{"taxonomy":"post_tag","embeddable":true,"href":"https:\/\/www.maisbn.com\/portal\/wp-json\/wp\/v2\/tags?post=12189"}],"curies":[{"name":"wp","href":"https:\/\/api.w.org\/{rel}","templated":true}]}}