{"id":12183,"date":"2016-09-05T20:16:58","date_gmt":"2016-09-05T23:16:58","guid":{"rendered":"http:\/\/www.maisbn.com\/portal\/?p=12183"},"modified":"2016-09-05T20:16:58","modified_gmt":"2016-09-05T23:16:58","slug":"candidato-a-vice-prefeito-flavielle-de-sa-e-comitiva-visitam-comunidade-da-fazenda-estrela","status":"publish","type":"post","link":"https:\/\/www.maisbn.com\/portal\/2016\/09\/candidato-a-vice-prefeito-flavielle-de-sa-e-comitiva-visitam-comunidade-da-fazenda-estrela\/","title":{"rendered":"Candidato a vice-prefeito Flavielle de S\u00e1 e comitiva visitam comunidade da Fazenda Estrela."},"content":{"rendered":"<p><span style=\"color: #000000;\">A Coliga\u00e7\u00e3o &#8216;Por uma Belmonte que Queremos&#8217; tamb\u00e9m cumpriu agenda pol\u00edtica neste domingo (04\/09). O local escolhido foi a comunidade da Fazenda Estrela onde o candidato a vice-prefeito Flavielle de S\u00e1 levou uma comitiva para a localidade.<\/span><\/p>\n<p><a href=\"http:\/\/www.maisbn.com\/portal\/wp-content\/uploads\/2016\/09\/regiaofazendaestrela1100077.jpg\"><img loading=\"lazy\" decoding=\"async\" class=\"aligncenter size-full wp-image-12184\" src=\"http:\/\/www.maisbn.com\/portal\/wp-content\/uploads\/2016\/09\/regiaofazendaestrela1100077.jpg\" alt=\"regiaofazendaestrela1100077\" width=\"650\" height=\"412\" \/><\/a><\/p>\n<p><span style=\"color: #000000;\">Flavielle e os candidatos a vereador pela coliga\u00e7\u00e3o citada visitaram eleitores e conversaram com a comunidade apresentando suas propostas. O Grupo pol\u00edtico ainda fez uma visita \u00e0 festa de inaugura\u00e7\u00e3o dos novos refletores do campo de futebol que atende \u00e0 comunidade. <\/span><\/p>\n<p><a href=\"http:\/\/www.maisbn.com\/portal\/wp-content\/uploads\/2016\/09\/regiaofazendaestrela1100060.jpg\"><img loading=\"lazy\" decoding=\"async\" class=\"aligncenter size-full wp-image-12185\" src=\"http:\/\/www.maisbn.com\/portal\/wp-content\/uploads\/2016\/09\/regiaofazendaestrela1100060.jpg\" alt=\"regiaofazendaestrela1100060\" width=\"650\" height=\"412\" \/><\/a><\/p>\n<p><span style=\"color: #000000;\">Os correligion\u00e1rios que acompanharam Flavielle comentaram que foram bem recebidos pela comunidade e que deu para conversar com os moradores e expor as propostas de governo. O candidato a Prefeito I\u00eado Elias n\u00e3o estava na comitiva e o motivo da sua aus\u00eancia n\u00e3o foi divulgado pela coordena\u00e7\u00e3o da campanha.<\/span><\/p>\n<p><a href=\"http:\/\/www.maisbn.com\/portal\/wp-content\/uploads\/2016\/09\/regiaofazendaestrela1100010.jpg\"><img loading=\"lazy\" decoding=\"async\" class=\"aligncenter size-full wp-image-12186\" src=\"http:\/\/www.maisbn.com\/portal\/wp-content\/uploads\/2016\/09\/regiaofazendaestrela1100010.jpg\" alt=\"regiaofazendaestrela1100010\" width=\"650\" height=\"412\" \/><\/a><\/p>\n<p>Um ponto que se deve destacar nesse evento foi a civilidade dos grupos pol\u00edticos da candidata Alice Britto e do candidato a vice Flavielle de S\u00e1. Apesar das duas comitivas estarem no mesmo evento n\u00e3o houve clima de animosidade de nenhum dos lados. Os correligion\u00e1rios, bem como, os candidatos deram uma li\u00e7\u00e3o de respeito e toler\u00e2ncia com as diferen\u00e7as, nesse quesito, todos est\u00e3o de parab\u00e9ns.<\/p>\n<p><span style=\"color: #ff0000;\"><em>Fotos: Djalma Pontes &#8211; Jornal de Belmonte<\/em><\/span><\/p>\n","protected":false},"excerpt":{"rendered":"<p>A Coliga\u00e7\u00e3o &#8216;Por uma Belmonte que Queremos&#8217; tamb\u00e9m cumpriu agenda pol\u00edtica neste domingo (04\/09). O local escolhido foi a comunidade da Fazenda Estrela onde o candidato a vice-prefeito Flavielle de S\u00e1 levou uma comitiva para a localidade. Flavielle e os candidatos a vereador pela coliga\u00e7\u00e3o citada visitaram eleitores e conversaram com a comunidade apresentando suas [&hellip;]<\/p>\n","protected":false},"author":7,"featured_media":12185,"comment_status":"open","ping_status":"open","sticky":false,"template":"","format":"standard","meta":{"footnotes":""},"categories":[1,7],"tags":[108],"class_list":["post-12183","post","type-post","status-publish","format-standard","has-post-thumbnail","hentry","category-noticias","category-politica","tag-belmonte"],"_links":{"self":[{"href":"https:\/\/www.maisbn.com\/portal\/wp-json\/wp\/v2\/posts\/12183","targetHints":{"allow":["GET"]}}],"collection":[{"href":"https:\/\/www.maisbn.com\/portal\/wp-json\/wp\/v2\/posts"}],"about":[{"href":"https:\/\/www.maisbn.com\/portal\/wp-json\/wp\/v2\/types\/post"}],"author":[{"embeddable":true,"href":"https:\/\/www.maisbn.com\/portal\/wp-json\/wp\/v2\/users\/7"}],"replies":[{"embeddable":true,"href":"https:\/\/www.maisbn.com\/portal\/wp-json\/wp\/v2\/comments?post=12183"}],"version-history":[{"count":1,"href":"https:\/\/www.maisbn.com\/portal\/wp-json\/wp\/v2\/posts\/12183\/revisions"}],"predecessor-version":[{"id":12187,"href":"https:\/\/www.maisbn.com\/portal\/wp-json\/wp\/v2\/posts\/12183\/revisions\/12187"}],"wp:featuredmedia":[{"embeddable":true,"href":"https:\/\/www.maisbn.com\/portal\/wp-json\/wp\/v2\/media\/12185"}],"wp:attachment":[{"href":"https:\/\/www.maisbn.com\/portal\/wp-json\/wp\/v2\/media?parent=12183"}],"wp:term":[{"taxonomy":"category","embeddable":true,"href":"https:\/\/www.maisbn.com\/portal\/wp-json\/wp\/v2\/categories?post=12183"},{"taxonomy":"post_tag","embeddable":true,"href":"https:\/\/www.maisbn.com\/portal\/wp-json\/wp\/v2\/tags?post=12183"}],"curies":[{"name":"wp","href":"https:\/\/api.w.org\/{rel}","templated":true}]}}