{"id":12173,"date":"2016-09-05T14:58:57","date_gmt":"2016-09-05T17:58:57","guid":{"rendered":"http:\/\/www.maisbn.com\/portal\/?p=12173"},"modified":"2016-09-05T15:02:50","modified_gmt":"2016-09-05T18:02:50","slug":"alice-britto-e-albervan-nunes-visitam-a-fazenda-estrela-e-recebem-apoio-da-comunidade-local","status":"publish","type":"post","link":"https:\/\/www.maisbn.com\/portal\/2016\/09\/alice-britto-e-albervan-nunes-visitam-a-fazenda-estrela-e-recebem-apoio-da-comunidade-local\/","title":{"rendered":"Alice Britto e Albervan Nunes visitam a Fazenda Estrela e recebem apoio da comunidade local."},"content":{"rendered":"<p><span style=\"color: #000000;\">No \u00faltimo domingo (04\/09) a candidata Alice Britto e Albervan Nunes, seu vice, cumpriram mais uma agenda pol\u00edtica do Grupo 40. A dupla citada, juntamente com seus correligion\u00e1rios e candidatos a vereador, visitaram a comunidade da Fazenda Estrela onde estava acontecendo um torneio de futebol para inaugurar os novos refletores que permitir\u00e3o a realiza\u00e7\u00e3o de jogos \u00e0 noite.<\/span><\/p>\n<p><span style=\"color: #000000;\"><a style=\"color: #000000;\" href=\"http:\/\/www.maisbn.com\/portal\/wp-content\/uploads\/2016\/09\/regiaofazendaestrela00133.jpg\"><img loading=\"lazy\" decoding=\"async\" class=\"aligncenter size-full wp-image-12174\" src=\"http:\/\/www.maisbn.com\/portal\/wp-content\/uploads\/2016\/09\/regiaofazendaestrela00133.jpg\" alt=\"regiaofazendaestrela00133\" width=\"650\" height=\"412\" \/><\/a><\/span><\/p>\n<p><span style=\"color: #000000;\">O evento foi patrocinado pelo Sr. Aroldo, gerente da fazenda, e contou com um grande p\u00fablico presente que veio prestigiar o esporte e curtir uma linda festa. A candidata Alice Britto, acompanhada de Albervan, foi cumprimentada por v\u00e1rias pessoas que externaram apoio \u00e0 sua campanha. V\u00e1rios l\u00edderes locais tamb\u00e9m disseram estar engajados na reelei\u00e7\u00e3o de Alice pelos trabalhos que a mesma realizou durante a sua gest\u00e3o.<\/span><\/p>\n<p><a href=\"http:\/\/www.maisbn.com\/portal\/wp-content\/uploads\/2016\/09\/regiaofazendaestrela00122.jpg\"><img loading=\"lazy\" decoding=\"async\" class=\"aligncenter size-full wp-image-12175\" src=\"http:\/\/www.maisbn.com\/portal\/wp-content\/uploads\/2016\/09\/regiaofazendaestrela00122.jpg\" alt=\"regiaofazendaestrela00122\" width=\"650\" height=\"412\" \/><\/a><\/p>\n<p><span style=\"color: #000000;\">Nossa equipe aproveitou o momento para conversar com o Sr. Aroldo, Gerente da Fazenda Estrela, que externou seu apoio \u00e0 candidata pelo fato de ter visto a realiza\u00e7\u00e3o de um grande trabalho nesses quatro anos. &#8220;Alice fez muito por toda a comunidade belmontense nesses quatro anos e eu acredito que ela pode fazer muito mais.&#8221; &#8211; Comentou seu Aroldo.<\/span><\/p>\n<p><a href=\"http:\/\/www.maisbn.com\/portal\/wp-content\/uploads\/2016\/09\/regiaofazendaestrela4000029.jpg\"><img loading=\"lazy\" decoding=\"async\" class=\"aligncenter size-full wp-image-12177\" src=\"http:\/\/www.maisbn.com\/portal\/wp-content\/uploads\/2016\/09\/regiaofazendaestrela4000029.jpg\" alt=\"regiaofazendaestrela4000029\" width=\"650\" height=\"412\" \/><\/a><\/p>\n<p><span style=\"color: #000000;\">A festa ocorreu na mais completa paz durante todo o dia. Os correligion\u00e1rios pol\u00edticos de Alice consideraram o evento um sucesso, j\u00e1 que, viram a comunidade local reconhecer os esfor\u00e7os da gestora nesses quatro anos onde a mesma trouxe conquistas importantes para a cidade, mesmo enfrentando uma grave crise econ\u00f4mica.&#8221;Eu gostei do evento. Vi as pessoas cumprimentarem Alice e reconhecer os trabalhos prestados. Isso renovou as energias da nossa equipe para continuarmos lutando para a vit\u00f3ria dessa mulher guerreira que tanto fez por Belmonte.&#8221; &#8211; Comentou Vanderson, um dos integrantes da comitiva de Alice e Albervan.<\/span><\/p>\n<p>&nbsp;<\/p>\n","protected":false},"excerpt":{"rendered":"<p>No \u00faltimo domingo (04\/09) a candidata Alice Britto e Albervan Nunes, seu vice, cumpriram mais uma agenda pol\u00edtica do Grupo 40. A dupla citada, juntamente com seus correligion\u00e1rios e candidatos a vereador, visitaram a comunidade da Fazenda Estrela onde estava acontecendo um torneio de futebol para inaugurar os novos refletores que permitir\u00e3o a realiza\u00e7\u00e3o de [&hellip;]<\/p>\n","protected":false},"author":7,"featured_media":12174,"comment_status":"open","ping_status":"open","sticky":false,"template":"","format":"standard","meta":{"footnotes":""},"categories":[1,7],"tags":[435],"class_list":["post-12173","post","type-post","status-publish","format-standard","has-post-thumbnail","hentry","category-noticias","category-politica","tag-belmonte-bahia-3"],"_links":{"self":[{"href":"https:\/\/www.maisbn.com\/portal\/wp-json\/wp\/v2\/posts\/12173","targetHints":{"allow":["GET"]}}],"collection":[{"href":"https:\/\/www.maisbn.com\/portal\/wp-json\/wp\/v2\/posts"}],"about":[{"href":"https:\/\/www.maisbn.com\/portal\/wp-json\/wp\/v2\/types\/post"}],"author":[{"embeddable":true,"href":"https:\/\/www.maisbn.com\/portal\/wp-json\/wp\/v2\/users\/7"}],"replies":[{"embeddable":true,"href":"https:\/\/www.maisbn.com\/portal\/wp-json\/wp\/v2\/comments?post=12173"}],"version-history":[{"count":4,"href":"https:\/\/www.maisbn.com\/portal\/wp-json\/wp\/v2\/posts\/12173\/revisions"}],"predecessor-version":[{"id":12181,"href":"https:\/\/www.maisbn.com\/portal\/wp-json\/wp\/v2\/posts\/12173\/revisions\/12181"}],"wp:featuredmedia":[{"embeddable":true,"href":"https:\/\/www.maisbn.com\/portal\/wp-json\/wp\/v2\/media\/12174"}],"wp:attachment":[{"href":"https:\/\/www.maisbn.com\/portal\/wp-json\/wp\/v2\/media?parent=12173"}],"wp:term":[{"taxonomy":"category","embeddable":true,"href":"https:\/\/www.maisbn.com\/portal\/wp-json\/wp\/v2\/categories?post=12173"},{"taxonomy":"post_tag","embeddable":true,"href":"https:\/\/www.maisbn.com\/portal\/wp-json\/wp\/v2\/tags?post=12173"}],"curies":[{"name":"wp","href":"https:\/\/api.w.org\/{rel}","templated":true}]}}