{"id":12170,"date":"2016-09-05T08:43:55","date_gmt":"2016-09-05T11:43:55","guid":{"rendered":"http:\/\/www.maisbn.com\/portal\/?p=12170"},"modified":"2016-09-05T08:43:55","modified_gmt":"2016-09-05T11:43:55","slug":"vereadores-votam-proprio-reajuste-salarial-e-causam-revolta-na-populacao-belmontense","status":"publish","type":"post","link":"https:\/\/www.maisbn.com\/portal\/2016\/09\/vereadores-votam-proprio-reajuste-salarial-e-causam-revolta-na-populacao-belmontense\/","title":{"rendered":"Vereadores votam pr\u00f3prio reajuste salarial e causam revolta na popula\u00e7\u00e3o belmontense."},"content":{"rendered":"<p><a href=\"http:\/\/www.maisbn.com\/portal\/wp-content\/uploads\/2014\/12\/camara_belmonte.jpg\"><img loading=\"lazy\" decoding=\"async\" class=\"aligncenter size-full wp-image-6567\" src=\"http:\/\/www.maisbn.com\/portal\/wp-content\/uploads\/2014\/12\/camara_belmonte.jpg\" alt=\"camara_belmonte\" width=\"528\" height=\"277\" \/><\/a><\/p>\n<p><span style=\"color: #000000;\">Os candidatos a uma vaga na C\u00e2mara de Vereadores ter\u00e3o um motivo a mais para lutarem pelo voto do eleitor belmontense. Estamos falando da vota\u00e7\u00e3o do reajuste dos sal\u00e1rios dos vereadores, secret\u00e1rios e prefeito que passar\u00e1 a valer no ano que vem e que s\u00e3o um verdadeiro presente nesses tempos de crises e contas apertadas.<\/span><\/p>\n<p><span style=\"color: #000000;\">O projeto de lei do citado reajuste foi votado com unanimidade na \u00faltima segunda-feira (29\/08) em sess\u00e3o na C\u00e2mara de Vereadores e disponibiliza para o pr\u00f3ximo ano um sal\u00e1rio de R$ 7.500,00 ( Sete Mil e Quinhentos) para vereadores e\u00a0 R$ 5.000,00 (Cinco Mil Reais) para os secret\u00e1rios municipais. O projeto tamb\u00e9m disponibiliza para o futuro prefeito um sal\u00e1rio de R$ 15.000,00 (Quinze Mil Reais). Os novos sal\u00e1rios v\u00e3o gerar um rombo para a pr\u00f3xima gest\u00e3o de pouco mais de R$ 140.000,00 mensais s\u00f3 em sal\u00e1rios de vereadores, secret\u00e1rios e prefeito para um munic\u00edpio que viu a sua arrecada\u00e7\u00e3o cair vertiginosamente durante o ano de 2015 at\u00e9 meados de 2016. Infelizmente a conta ainda n\u00e3o fecha s\u00f3 a\u00ed, j\u00e1 que, di\u00e1rias e benef\u00edcios tamb\u00e9m podem ser reajustados acompanhando os sal\u00e1rios citados.<\/span><\/p>\n<p><span style=\"color: #000000;\">Os vereadores atuais recebem um sal\u00e1rio de R$ 5.800,00 (Cinco Mil e Oitocentos Reais). O sal\u00e1rio do prefeito est\u00e1 fixado atualmente em R$ 13.000,00 (Treze Mil Reais) e os Secret\u00e1rios Municipais recebem atualmente o sal\u00e1rio de R$ 4.000,00.<\/span><\/p>\n<p><span style=\"color: #000000;\">A novidade n\u00e3o foi vista com bons olhos pela popula\u00e7\u00e3o que se prepara para uma manifesta\u00e7\u00e3 contra o aumento considerado abusivo e desnecess\u00e1rio. Nas redes sociais at\u00e9 candidatos a vereador j\u00e1 se manifestaram contra ao aumento. <\/span><\/p>\n<p><span style=\"color: #000000;\">Analisando bem a situa\u00e7\u00e3o podemos ver que o ajuste \u00e9 necess\u00e1rio, j\u00e1 que, esses servidores s\u00f3 tem os seus sal\u00e1rios corrigidos de quatro em quatro anos. O problema \u00e9 o tamanho do aumento para os servi\u00e7os que os mesmos entregam \u00e0 popula\u00e7\u00e3o. A C\u00e2mara de Vereadores de Belmonte \u00e9 um bom exemplo disso, j\u00e1 que, h\u00e1 muitas legislaturas, deixou de ser a casa dos interesses do povo pra virar palco de futricas palacianas e manobras pol\u00edticas.Um vereador em Belmonte s\u00f3 tem a obriga\u00e7\u00e3o de participar de uma sess\u00e3o por semana onde n\u00e3o se leva meia hora e, durante esse tempo, n\u00e3o se vota nada de importante para a cidade. Muitos deles falam que trabalham em suas bases pol\u00edticas ajudando os necessitados, mas o que vemos, em sua maioria, \u00e9 apenas clientelismo para amarrar os votos das pessoas mais humildes.<br \/>\n<\/span><\/p>\n<p><span style=\"color: #000000;\">Os eleitores belmontenses prometem ir \u00e0 C\u00e2mara de Vereadores assistir \u00e0s pr\u00f3ximas sess\u00f5es e se manifestar. Em \u00e9poca de elei\u00e7\u00f5es essa indigna\u00e7\u00e3o se torna uma arma poderosa para que os edis repensem o projeto e disponibilizem um aumento mais condizente com a realidade atual do pa\u00eds e do munic\u00edpio. Tamb\u00e9m esperamos que o povo tenha consci\u00eancia na hora de eleger ou reeleger os seus representantes para que n\u00e3o tenhamos que ver mais quatro anos de epis\u00f3dios lament\u00e1veis como esse que est\u00e1 acontecendo agora.<br \/>\n<\/span><\/p>\n<p><span style=\"color: #000000;\">A segunda vota\u00e7\u00e3o do reajuste est\u00e1 prevista para acontecer na pr\u00f3xima segunda-feira (05\/09) da\u00ed se segue para a san\u00e7\u00e3o ou veto da Prefeita Alice Britto.<\/span><\/p>\n","protected":false},"excerpt":{"rendered":"<p>Os candidatos a uma vaga na C\u00e2mara de Vereadores ter\u00e3o um motivo a mais para lutarem pelo voto do eleitor belmontense. Estamos falando da vota\u00e7\u00e3o do reajuste dos sal\u00e1rios dos vereadores, secret\u00e1rios e prefeito que passar\u00e1 a valer no ano que vem e que s\u00e3o um verdadeiro presente nesses tempos de crises e contas apertadas. [&hellip;]<\/p>\n","protected":false},"author":7,"featured_media":6567,"comment_status":"open","ping_status":"open","sticky":false,"template":"","format":"standard","meta":{"footnotes":""},"categories":[1,7],"tags":[108],"class_list":["post-12170","post","type-post","status-publish","format-standard","has-post-thumbnail","hentry","category-noticias","category-politica","tag-belmonte"],"_links":{"self":[{"href":"https:\/\/www.maisbn.com\/portal\/wp-json\/wp\/v2\/posts\/12170","targetHints":{"allow":["GET"]}}],"collection":[{"href":"https:\/\/www.maisbn.com\/portal\/wp-json\/wp\/v2\/posts"}],"about":[{"href":"https:\/\/www.maisbn.com\/portal\/wp-json\/wp\/v2\/types\/post"}],"author":[{"embeddable":true,"href":"https:\/\/www.maisbn.com\/portal\/wp-json\/wp\/v2\/users\/7"}],"replies":[{"embeddable":true,"href":"https:\/\/www.maisbn.com\/portal\/wp-json\/wp\/v2\/comments?post=12170"}],"version-history":[{"count":2,"href":"https:\/\/www.maisbn.com\/portal\/wp-json\/wp\/v2\/posts\/12170\/revisions"}],"predecessor-version":[{"id":12172,"href":"https:\/\/www.maisbn.com\/portal\/wp-json\/wp\/v2\/posts\/12170\/revisions\/12172"}],"wp:featuredmedia":[{"embeddable":true,"href":"https:\/\/www.maisbn.com\/portal\/wp-json\/wp\/v2\/media\/6567"}],"wp:attachment":[{"href":"https:\/\/www.maisbn.com\/portal\/wp-json\/wp\/v2\/media?parent=12170"}],"wp:term":[{"taxonomy":"category","embeddable":true,"href":"https:\/\/www.maisbn.com\/portal\/wp-json\/wp\/v2\/categories?post=12170"},{"taxonomy":"post_tag","embeddable":true,"href":"https:\/\/www.maisbn.com\/portal\/wp-json\/wp\/v2\/tags?post=12170"}],"curies":[{"name":"wp","href":"https:\/\/api.w.org\/{rel}","templated":true}]}}