{"id":12168,"date":"2016-09-03T11:12:22","date_gmt":"2016-09-03T14:12:22","guid":{"rendered":"http:\/\/www.maisbn.com\/portal\/?p=12168"},"modified":"2016-09-03T11:12:22","modified_gmt":"2016-09-03T14:12:22","slug":"adversarios-continuam-na-luta-para-tirar-albervan-nunes-da-corrida-eleitoral-belmontense","status":"publish","type":"post","link":"https:\/\/www.maisbn.com\/portal\/2016\/09\/adversarios-continuam-na-luta-para-tirar-albervan-nunes-da-corrida-eleitoral-belmontense\/","title":{"rendered":"Advers\u00e1rios continuam na luta para tirar Albervan Nunes da corrida eleitoral belmontense."},"content":{"rendered":"<p><span style=\"color: #000000;\">Mais um embate pol\u00edtico aconteceu em Belmonte nesta sexta-feira (02\/09). Estamos falando da primeira audi\u00eancia do processo judicial onde a coliga\u00e7\u00e3o liderada pelo candidato a prefeito I\u00eado Elias tenta a todo custo invalidar na justi\u00e7a a candidatura de vice-prefeito de Albervan Nunes, que comp\u00f5e a chapa com a candidata a reelei\u00e7\u00e3o Alice Britto.<\/span><\/p>\n<p><span style=\"color: #000000;\"><a style=\"color: #000000;\" href=\"http:\/\/www.maisbn.com\/portal\/wp-content\/uploads\/2016\/08\/Forum_Belmonte.jpg\"><img loading=\"lazy\" decoding=\"async\" class=\"aligncenter size-full wp-image-12104\" src=\"http:\/\/www.maisbn.com\/portal\/wp-content\/uploads\/2016\/08\/Forum_Belmonte.jpg\" alt=\"Forum_Belmonte\" width=\"700\" height=\"461\" \/><\/a><\/span><\/p>\n<p><span style=\"color: #000000;\">A coliga\u00e7\u00e3o em quest\u00e3o acusa Albervan de ilegalmente exercer influ\u00eancia na Secretaria Municipal de A\u00e7\u00e3o Social depois de seu desligamento do comando da pasta. Para comprovar o fato os acusadores apresentaram notas de alimenta\u00e7\u00e3o que teriam sido assinadas pelo candidato e uma foto onde o mesmo aparece recebendo a viatura nova recebida pelo Conselho Tutelar da cidade.<\/span><\/p>\n<p><span style=\"color: #000000;\">A defesa, por seu lado, nega os fatos e classifica as acusa\u00e7\u00f5es como mentirosas e levianas, j\u00e1 que, Albervan teria obedecido o calend\u00e1rio proposto pela Justi\u00e7a Eleitoral para se desligar do cargo de secret\u00e1rio e que, ap\u00f3s isso, n\u00e3o respondeu mais pela pasta e nem assinou qualquer documento referente \u00e0 mesma. Com rela\u00e7\u00e3o \u00e0 foto, a defesa argumentou que Albervan tinha sido desligado do cargo de secret\u00e1rio, mas continuava como funcion\u00e1rio p\u00fablico efetivo do munic\u00edpio e \u00e0 disposi\u00e7\u00e3o da Secretaria Municipal de Administra\u00e7\u00e3o e que, nesta condi\u00e7\u00e3o, o mesmo, por estar dispon\u00edvel, foi requisitado para receber a viatura. Contactado pela nossa equipe o candidato Albervan Nunes n\u00e3o quis comentar o fato, mas informou que apresentou sua defesa e espera a decis\u00e3o da Justi\u00e7a Eleitoral.<\/span><\/p>\n<div id=\"attachment_11848\" style=\"width: 660px\" class=\"wp-caption aligncenter\"><a style=\"color: #000000;\" href=\"http:\/\/www.maisbn.com\/portal\/wp-content\/uploads\/2016\/08\/convencaodealice00181.jpg\"><img loading=\"lazy\" decoding=\"async\" aria-describedby=\"caption-attachment-11848\" class=\"wp-image-11848 size-full\" src=\"http:\/\/www.maisbn.com\/portal\/wp-content\/uploads\/2016\/08\/convencaodealice00181.jpg\" alt=\"convencaodealice00181\" width=\"650\" height=\"412\" \/><\/a><p id=\"caption-attachment-11848\" class=\"wp-caption-text\"><\/span> <span style=\"color: #000000;\">Albervan Nunes apresentou a defesa e espera a decis\u00e3o da justi\u00e7a.<\/span><\/p><\/div>\n<p><span style=\"color: #000000;\">A coliga\u00e7\u00e3o do ex-prefeito ainda tenta anular judicialmente a coliga\u00e7\u00e3o partid\u00e1ria do Deputado J\u00e2nio Natal e move um outro processo de impugna\u00e7\u00e3o do candidato a vereador L\u00e9o do Surf. A data da audi\u00eancia desses dois processos ainda n\u00e3o foi divulgada.<\/span><\/p>\n","protected":false},"excerpt":{"rendered":"<p>Mais um embate pol\u00edtico aconteceu em Belmonte nesta sexta-feira (02\/09). Estamos falando da primeira audi\u00eancia do processo judicial onde a coliga\u00e7\u00e3o liderada pelo candidato a prefeito I\u00eado Elias tenta a todo custo invalidar na justi\u00e7a a candidatura de vice-prefeito de Albervan Nunes, que comp\u00f5e a chapa com a candidata a reelei\u00e7\u00e3o Alice Britto. A coliga\u00e7\u00e3o [&hellip;]<\/p>\n","protected":false},"author":7,"featured_media":11848,"comment_status":"open","ping_status":"open","sticky":false,"template":"","format":"standard","meta":{"footnotes":""},"categories":[1,7],"tags":[108],"class_list":["post-12168","post","type-post","status-publish","format-standard","has-post-thumbnail","hentry","category-noticias","category-politica","tag-belmonte"],"_links":{"self":[{"href":"https:\/\/www.maisbn.com\/portal\/wp-json\/wp\/v2\/posts\/12168","targetHints":{"allow":["GET"]}}],"collection":[{"href":"https:\/\/www.maisbn.com\/portal\/wp-json\/wp\/v2\/posts"}],"about":[{"href":"https:\/\/www.maisbn.com\/portal\/wp-json\/wp\/v2\/types\/post"}],"author":[{"embeddable":true,"href":"https:\/\/www.maisbn.com\/portal\/wp-json\/wp\/v2\/users\/7"}],"replies":[{"embeddable":true,"href":"https:\/\/www.maisbn.com\/portal\/wp-json\/wp\/v2\/comments?post=12168"}],"version-history":[{"count":1,"href":"https:\/\/www.maisbn.com\/portal\/wp-json\/wp\/v2\/posts\/12168\/revisions"}],"predecessor-version":[{"id":12169,"href":"https:\/\/www.maisbn.com\/portal\/wp-json\/wp\/v2\/posts\/12168\/revisions\/12169"}],"wp:featuredmedia":[{"embeddable":true,"href":"https:\/\/www.maisbn.com\/portal\/wp-json\/wp\/v2\/media\/11848"}],"wp:attachment":[{"href":"https:\/\/www.maisbn.com\/portal\/wp-json\/wp\/v2\/media?parent=12168"}],"wp:term":[{"taxonomy":"category","embeddable":true,"href":"https:\/\/www.maisbn.com\/portal\/wp-json\/wp\/v2\/categories?post=12168"},{"taxonomy":"post_tag","embeddable":true,"href":"https:\/\/www.maisbn.com\/portal\/wp-json\/wp\/v2\/tags?post=12168"}],"curies":[{"name":"wp","href":"https:\/\/api.w.org\/{rel}","templated":true}]}}