{"id":12163,"date":"2016-09-03T09:55:00","date_gmt":"2016-09-03T12:55:00","guid":{"rendered":"http:\/\/www.maisbn.com\/portal\/?p=12163"},"modified":"2016-09-03T09:55:00","modified_gmt":"2016-09-03T12:55:00","slug":"evento-marca-inauguracao-de-comite-da-candidata-thiara-melgaco-em-santa-maria-eterna","status":"publish","type":"post","link":"https:\/\/www.maisbn.com\/portal\/2016\/09\/evento-marca-inauguracao-de-comite-da-candidata-thiara-melgaco-em-santa-maria-eterna\/","title":{"rendered":"Evento marca inaugura\u00e7\u00e3o de comit\u00ea da candidata Thiara Melga\u00e7o em Santa Maria Eterna."},"content":{"rendered":"<p><a href=\"http:\/\/www.maisbn.com\/portal\/wp-content\/uploads\/2016\/09\/inauguracaocomitesantamaria00042.jpg\"><img loading=\"lazy\" decoding=\"async\" class=\"aligncenter size-full wp-image-12164\" src=\"http:\/\/www.maisbn.com\/portal\/wp-content\/uploads\/2016\/09\/inauguracaocomitesantamaria00042.jpg\" alt=\"inauguracaocomitesantamaria00042\" width=\"650\" height=\"412\" \/><\/a><\/p>\n<p><span style=\"color: #000000;\">Na \u00faltima sexta-feira (02\/09) aconteceu em Belmonte mais um evento pol\u00edtico. Estamos falando da inaugura\u00e7\u00e3o do comit\u00ea da candidata a vereadora Thiara Melga\u00e7o em Santa Maria Eterna. O candidato a vice-prefeito Flavielle de S\u00e1, juntamente com a candidata a vereadora, apoiadores e correligion\u00e1rios abriram oficialmente o comit\u00ea, que est\u00e1 localizado na Avenida Principal de Santa Maria Eterna.<\/span><\/p>\n<p><a href=\"http:\/\/www.maisbn.com\/portal\/wp-content\/uploads\/2016\/09\/inauguracaocomitesantamaria00011.jpg\"><img loading=\"lazy\" decoding=\"async\" class=\"aligncenter size-full wp-image-12166\" src=\"http:\/\/www.maisbn.com\/portal\/wp-content\/uploads\/2016\/09\/inauguracaocomitesantamaria00011.jpg\" alt=\"inauguracaocomitesantamaria00011\" width=\"650\" height=\"412\" \/><\/a><\/p>\n<p><span style=\"color: #000000;\">Thiara se mostrou muito emocionada com o evento e comentou que a inaugura\u00e7\u00e3o do comit\u00ea significa um passo para Santa Maria Eterna e todo o munic\u00edpio caminhar rumo ao desenvolvimento. O candidato a vice-prefeito Flavielle discursou tamb\u00e9m no evento e reafirmou a candidatura da dupla I\u00eado e Flavielle e falou com os presentes que seu grupo pol\u00edtico far\u00e1 uma campanha fundamentada nas necessidade reais dos cidad\u00e3os. <\/span><span class=\"text_exposed_show\"><span style=\"color: #000000;\">\u201cEstamos aqui para falar de pol\u00edtica. N\u00e3o iremos falar mal de ningu\u00e9m. N\u00e3o \u00e9 assim que conduzimos nossa campanha. Estou nesta campanha porque vejo uma sociedade que precisa de mais educa\u00e7\u00e3o, de mais sa\u00fade e de uma administra\u00e7\u00e3o p\u00fablica que olhe para isso. E \u00e9 isso que iremos levar \u00e0s pessoas. \u00c9 disso que precisam. Em nossa gest\u00e3o vamos investir muito em educa\u00e7\u00e3o e sa\u00fade, porque s\u00e3o \u00e1reas priorit\u00e1rias. Sem sa\u00fade n\u00e3o se pode trabalhar e sem educa\u00e7\u00e3o as possibilidades de mudan\u00e7a de vida s\u00e3o m\u00ednimas.&#8221; &#8211; Destacou Flavielle.<\/span><br \/>\n<\/span><\/p>\n<p><span style=\"color: #000000;\">O candidato a prefeito I\u00eado Elias n\u00e3o esteve presente por ter outro compromisso pol\u00edtico na sede do munic\u00edpio de Belmonte, conforme informou a organiza\u00e7\u00e3o do evento.<\/span><\/p>\n","protected":false},"excerpt":{"rendered":"<p>Na \u00faltima sexta-feira (02\/09) aconteceu em Belmonte mais um evento pol\u00edtico. Estamos falando da inaugura\u00e7\u00e3o do comit\u00ea da candidata a vereadora Thiara Melga\u00e7o em Santa Maria Eterna. O candidato a vice-prefeito Flavielle de S\u00e1, juntamente com a candidata a vereadora, apoiadores e correligion\u00e1rios abriram oficialmente o comit\u00ea, que est\u00e1 localizado na Avenida Principal de Santa [&hellip;]<\/p>\n","protected":false},"author":7,"featured_media":12165,"comment_status":"open","ping_status":"open","sticky":false,"template":"","format":"standard","meta":{"footnotes":""},"categories":[1,7],"tags":[108],"class_list":["post-12163","post","type-post","status-publish","format-standard","has-post-thumbnail","hentry","category-noticias","category-politica","tag-belmonte"],"_links":{"self":[{"href":"https:\/\/www.maisbn.com\/portal\/wp-json\/wp\/v2\/posts\/12163","targetHints":{"allow":["GET"]}}],"collection":[{"href":"https:\/\/www.maisbn.com\/portal\/wp-json\/wp\/v2\/posts"}],"about":[{"href":"https:\/\/www.maisbn.com\/portal\/wp-json\/wp\/v2\/types\/post"}],"author":[{"embeddable":true,"href":"https:\/\/www.maisbn.com\/portal\/wp-json\/wp\/v2\/users\/7"}],"replies":[{"embeddable":true,"href":"https:\/\/www.maisbn.com\/portal\/wp-json\/wp\/v2\/comments?post=12163"}],"version-history":[{"count":1,"href":"https:\/\/www.maisbn.com\/portal\/wp-json\/wp\/v2\/posts\/12163\/revisions"}],"predecessor-version":[{"id":12167,"href":"https:\/\/www.maisbn.com\/portal\/wp-json\/wp\/v2\/posts\/12163\/revisions\/12167"}],"wp:featuredmedia":[{"embeddable":true,"href":"https:\/\/www.maisbn.com\/portal\/wp-json\/wp\/v2\/media\/12165"}],"wp:attachment":[{"href":"https:\/\/www.maisbn.com\/portal\/wp-json\/wp\/v2\/media?parent=12163"}],"wp:term":[{"taxonomy":"category","embeddable":true,"href":"https:\/\/www.maisbn.com\/portal\/wp-json\/wp\/v2\/categories?post=12163"},{"taxonomy":"post_tag","embeddable":true,"href":"https:\/\/www.maisbn.com\/portal\/wp-json\/wp\/v2\/tags?post=12163"}],"curies":[{"name":"wp","href":"https:\/\/api.w.org\/{rel}","templated":true}]}}