{"id":12132,"date":"2016-08-29T10:36:33","date_gmt":"2016-08-29T13:36:33","guid":{"rendered":"http:\/\/www.maisbn.com\/portal\/?p=12132"},"modified":"2016-08-29T14:42:00","modified_gmt":"2016-08-29T17:42:00","slug":"grupo-politico-do-candidato-a-prefeito-iedo-elias-visita-comunidades-da-zona-rural-de-belmonte","status":"publish","type":"post","link":"https:\/\/www.maisbn.com\/portal\/2016\/08\/grupo-politico-do-candidato-a-prefeito-iedo-elias-visita-comunidades-da-zona-rural-de-belmonte\/","title":{"rendered":"Grupo pol\u00edtico do candidato a prefeito I\u00eado Elias visita comunidades da zona rural de Belmonte.."},"content":{"rendered":"<p><a href=\"http:\/\/www.maisbn.com\/portal\/wp-content\/uploads\/2016\/08\/foto_visita11.jpg\"><img loading=\"lazy\" decoding=\"async\" class=\"aligncenter size-full wp-image-12133\" src=\"http:\/\/www.maisbn.com\/portal\/wp-content\/uploads\/2016\/08\/foto_visita11.jpg\" alt=\"foto_visita11\" width=\"700\" height=\"467\" \/><\/a><\/p>\n<p><span style=\"color: #000000;\">A Coliga\u00e7\u00e3o &#8216;Juntos por uma Belmonte que Queremos&#8217; visitou no \u00faltimo s\u00e1bado (27\/08) as comunidades do Engenho de Areia, Alto do Ub\u00fa, Lagoa do Pego e Tuiti. O grupo, que foi liderado pelo candidato a vice Flavielle de S\u00e1, visitou v\u00e1rias casas levando a mensagem do candidato a Prefeito I\u00eado Elias.<\/span><\/p>\n<p><a href=\"http:\/\/www.maisbn.com\/portal\/wp-content\/uploads\/2016\/08\/foto_visita112.jpg\"><img loading=\"lazy\" decoding=\"async\" class=\"aligncenter size-full wp-image-12134\" src=\"http:\/\/www.maisbn.com\/portal\/wp-content\/uploads\/2016\/08\/foto_visita112.jpg\" alt=\"foto_visita112\" width=\"2048\" height=\"1365\" srcset=\"https:\/\/www.maisbn.com\/portal\/wp-content\/uploads\/2016\/08\/foto_visita112.jpg 2048w, https:\/\/www.maisbn.com\/portal\/wp-content\/uploads\/2016\/08\/foto_visita112-1000x667.jpg 1000w, https:\/\/www.maisbn.com\/portal\/wp-content\/uploads\/2016\/08\/foto_visita112-1400x933.jpg 1400w\" sizes=\"auto, (max-width: 2048px) 100vw, 2048px\" \/><\/a><\/p>\n<p><span style=\"color: #000000;\">Flavielle comentou que se sentiu emocionado com carinho da popula\u00e7\u00e3o demonstrado pelo candidato I\u00eado Elias. &#8220;A todo o momento as pessoas me diziam que querem I\u00eado de volta.&#8221; &#8211; Comentou o candidato.<\/span><\/p>\n<p><a href=\"http:\/\/www.maisbn.com\/portal\/wp-content\/uploads\/2016\/08\/foto114.jpg\"><img loading=\"lazy\" decoding=\"async\" class=\"aligncenter size-full wp-image-12135\" src=\"http:\/\/www.maisbn.com\/portal\/wp-content\/uploads\/2016\/08\/foto114.jpg\" alt=\"foto114\" width=\"700\" height=\"467\" \/><\/a><\/p>\n<p><span style=\"color: #000000;\">O candidato a prefeito I\u00eado Elias n\u00e3o acompanhou as visitas e n\u00e3o foi divulgado o motivo da aus\u00eancia.<\/span><\/p>\n<p><span class=\"_5yl5\">\u00a0<\/span><\/p>\n<p>&nbsp;<\/p>\n","protected":false},"excerpt":{"rendered":"<p>A Coliga\u00e7\u00e3o &#8216;Juntos por uma Belmonte que Queremos&#8217; visitou no \u00faltimo s\u00e1bado (27\/08) as comunidades do Engenho de Areia, Alto do Ub\u00fa, Lagoa do Pego e Tuiti. O grupo, que foi liderado pelo candidato a vice Flavielle de S\u00e1, visitou v\u00e1rias casas levando a mensagem do candidato a Prefeito I\u00eado Elias. Flavielle comentou que se [&hellip;]<\/p>\n","protected":false},"author":7,"featured_media":12133,"comment_status":"open","ping_status":"open","sticky":false,"template":"","format":"standard","meta":{"footnotes":""},"categories":[1,7],"tags":[108],"class_list":["post-12132","post","type-post","status-publish","format-standard","has-post-thumbnail","hentry","category-noticias","category-politica","tag-belmonte"],"_links":{"self":[{"href":"https:\/\/www.maisbn.com\/portal\/wp-json\/wp\/v2\/posts\/12132","targetHints":{"allow":["GET"]}}],"collection":[{"href":"https:\/\/www.maisbn.com\/portal\/wp-json\/wp\/v2\/posts"}],"about":[{"href":"https:\/\/www.maisbn.com\/portal\/wp-json\/wp\/v2\/types\/post"}],"author":[{"embeddable":true,"href":"https:\/\/www.maisbn.com\/portal\/wp-json\/wp\/v2\/users\/7"}],"replies":[{"embeddable":true,"href":"https:\/\/www.maisbn.com\/portal\/wp-json\/wp\/v2\/comments?post=12132"}],"version-history":[{"count":1,"href":"https:\/\/www.maisbn.com\/portal\/wp-json\/wp\/v2\/posts\/12132\/revisions"}],"predecessor-version":[{"id":12136,"href":"https:\/\/www.maisbn.com\/portal\/wp-json\/wp\/v2\/posts\/12132\/revisions\/12136"}],"wp:featuredmedia":[{"embeddable":true,"href":"https:\/\/www.maisbn.com\/portal\/wp-json\/wp\/v2\/media\/12133"}],"wp:attachment":[{"href":"https:\/\/www.maisbn.com\/portal\/wp-json\/wp\/v2\/media?parent=12132"}],"wp:term":[{"taxonomy":"category","embeddable":true,"href":"https:\/\/www.maisbn.com\/portal\/wp-json\/wp\/v2\/categories?post=12132"},{"taxonomy":"post_tag","embeddable":true,"href":"https:\/\/www.maisbn.com\/portal\/wp-json\/wp\/v2\/tags?post=12132"}],"curies":[{"name":"wp","href":"https:\/\/api.w.org\/{rel}","templated":true}]}}