{"id":12124,"date":"2016-08-29T10:45:12","date_gmt":"2016-08-29T13:45:12","guid":{"rendered":"http:\/\/www.maisbn.com\/portal\/?p=12124"},"modified":"2016-08-29T10:49:32","modified_gmt":"2016-08-29T13:49:32","slug":"candidato-armando-ramos-realiza-passeata-e-mostra-forca-politica-em-barrolandia","status":"publish","type":"post","link":"https:\/\/www.maisbn.com\/portal\/2016\/08\/candidato-armando-ramos-realiza-passeata-e-mostra-forca-politica-em-barrolandia\/","title":{"rendered":"Candidato Armando Ramos realiza passeata e mostra for\u00e7a pol\u00edtica em Barrol\u00e2ndia."},"content":{"rendered":"<p><span style=\"color: #000000;\">Mais um evento pol\u00edtico aconteceu no interior de Belmonte. Estamos falando da passeata realizada nesse domingo (29\/08) pelo candidato a vereador Armando Ramos que levou um grande n\u00famero de pessoas para as ruas de Barrol\u00e2ndia.<\/span><\/p>\n<p><a href=\"http:\/\/www.maisbn.com\/portal\/wp-content\/uploads\/2016\/08\/caminhadaarmando00061.jpg\"><img loading=\"lazy\" decoding=\"async\" class=\"aligncenter size-full wp-image-12125\" src=\"http:\/\/www.maisbn.com\/portal\/wp-content\/uploads\/2016\/08\/caminhadaarmando00061.jpg\" alt=\"caminhadaarmando00061\" width=\"650\" height=\"412\" \/><\/a><\/p>\n<p><span style=\"color: #000000;\">A passeata contou com a presen\u00e7a da candidata \u00e0 reelei\u00e7\u00e3o Alice Britto e o candidato a vice Albervan Nunes. Os dois foram bem recebidos por v\u00e1rias pessoas da comunidade que externavam aos candidatos a revolta causada pelas manobras judiciais implementadas pela coliga\u00e7\u00e3o advers\u00e1ria capitaneada pelo ex-prefeito I\u00eado Elias. Alice tamb\u00e9m conversou com os funcion\u00e1rios municipais presentes e comentou que todos estavam ali por livre e espont\u00e2nea vontade e que nunca teve a iniciativa de punir ningu\u00e9m por suas escolhas pol\u00edticas. &#8220;A \u00fanica coisa que eu pe\u00e7o aos que fizeram a escolha pelo outro lado \u00e9 que desempenhem as suas fun\u00e7\u00f5es com responsabilidade porque voc\u00eas trabalham para a comunidade belmontense e n\u00e3o para pol\u00edticos. Aos que escolheram me apoiar e reconheceram o meu trabalho eu agrade\u00e7o muito e garanto que n\u00e3o vou decepcion\u00e1-los. Todos sabem as dificuldades que passamos e eu sei que posso fazer muito mais. Por isso estou nas ruas pedindo mais uma chance para o povo de Belmonte.&#8221; &#8211; Comentou Alice.<\/span><\/p>\n<p><a href=\"http:\/\/www.maisbn.com\/portal\/wp-content\/uploads\/2016\/08\/mosaico_passeata.jpg\"><img loading=\"lazy\" decoding=\"async\" class=\"aligncenter size-full wp-image-12126\" src=\"http:\/\/www.maisbn.com\/portal\/wp-content\/uploads\/2016\/08\/mosaico_passeata.jpg\" alt=\"mosaico_passeata\" width=\"700\" height=\"450\" \/><\/a><\/p>\n<p><span style=\"color: #000000;\">O candidato a Vereador Armando tamb\u00e9m foi ovacionado pela popula\u00e7\u00e3o por onde passava e mostrou a for\u00e7a pol\u00edtica que tem no distrito. \u00c0 nossa equipe Armando comentou que estava recebendo o reconhecimento do povo de Barrol\u00e2ndia. &#8220;Eu nunca abandonei minha comunidade. Sempre estive com eles nos momentos dif\u00edceis e comemorei os momentos de vit\u00f3ria. Eu tenho uma hist\u00f3ria com Barrol\u00e2ndia que n\u00e3o pode ser apagada por ataques de advers\u00e1rios s\u00f3 porque estou do lado de uma candidata que sempre trabalhou por Barrol\u00e2ndia, desde quando ainda nem era prefeita. Estou do lado de Alice e de Albervan porque acredito que eles dois podem fazer muito mais por nossa comunidade e pe\u00e7o \u00e0s pessoas que analisem tudo o que j\u00e1 foi feito, mesmo com a crise que assolou o pa\u00eds e os munic\u00edpios, pois tenho certeza que poderemos fazer muito mais em um cen\u00e1rio mais favor\u00e1vel que se desenha no futuro.&#8221; &#8211; Comentou Armando.<\/span><\/p>\n<p><a href=\"http:\/\/www.maisbn.com\/portal\/wp-content\/uploads\/2016\/08\/caminhadaarmando00025.jpg\"><img loading=\"lazy\" decoding=\"async\" class=\"aligncenter size-full wp-image-12127\" src=\"http:\/\/www.maisbn.com\/portal\/wp-content\/uploads\/2016\/08\/caminhadaarmando00025.jpg\" alt=\"caminhadaarmando00025\" width=\"650\" height=\"412\" \/><\/a><\/p>\n<p><span style=\"color: #000000;\">Correligion\u00e1rios da Coliga\u00e7\u00e3o &#8216;Construindo o Presente para Realizar o Futuro&#8217;, que apoia a candidata a reelei\u00e7\u00e3o, Alice Britto, avaliaram com positividade o evento, j\u00e1 que, mostrou que o povo est\u00e1 consciente mesmo com as diversas a\u00e7\u00f5es dos advers\u00e1rios para minar a popularidade de Alice e seus candidatos. Os mesmos ainda dizem que outros eventos ser\u00e3o realizados e que est\u00e3o motivados para lutar at\u00e9 outubro quando ocorrer\u00e1 a vota\u00e7\u00e3o que escolher\u00e1 a pr\u00f3xima gest\u00e3o.<\/span><\/p>\n","protected":false},"excerpt":{"rendered":"<p>Mais um evento pol\u00edtico aconteceu no interior de Belmonte. Estamos falando da passeata realizada nesse domingo (29\/08) pelo candidato a vereador Armando Ramos que levou um grande n\u00famero de pessoas para as ruas de Barrol\u00e2ndia. A passeata contou com a presen\u00e7a da candidata \u00e0 reelei\u00e7\u00e3o Alice Britto e o candidato a vice Albervan Nunes. Os [&hellip;]<\/p>\n","protected":false},"author":7,"featured_media":12125,"comment_status":"open","ping_status":"open","sticky":false,"template":"","format":"standard","meta":{"footnotes":""},"categories":[1,7],"tags":[108],"class_list":["post-12124","post","type-post","status-publish","format-standard","has-post-thumbnail","hentry","category-noticias","category-politica","tag-belmonte"],"_links":{"self":[{"href":"https:\/\/www.maisbn.com\/portal\/wp-json\/wp\/v2\/posts\/12124","targetHints":{"allow":["GET"]}}],"collection":[{"href":"https:\/\/www.maisbn.com\/portal\/wp-json\/wp\/v2\/posts"}],"about":[{"href":"https:\/\/www.maisbn.com\/portal\/wp-json\/wp\/v2\/types\/post"}],"author":[{"embeddable":true,"href":"https:\/\/www.maisbn.com\/portal\/wp-json\/wp\/v2\/users\/7"}],"replies":[{"embeddable":true,"href":"https:\/\/www.maisbn.com\/portal\/wp-json\/wp\/v2\/comments?post=12124"}],"version-history":[{"count":2,"href":"https:\/\/www.maisbn.com\/portal\/wp-json\/wp\/v2\/posts\/12124\/revisions"}],"predecessor-version":[{"id":12129,"href":"https:\/\/www.maisbn.com\/portal\/wp-json\/wp\/v2\/posts\/12124\/revisions\/12129"}],"wp:featuredmedia":[{"embeddable":true,"href":"https:\/\/www.maisbn.com\/portal\/wp-json\/wp\/v2\/media\/12125"}],"wp:attachment":[{"href":"https:\/\/www.maisbn.com\/portal\/wp-json\/wp\/v2\/media?parent=12124"}],"wp:term":[{"taxonomy":"category","embeddable":true,"href":"https:\/\/www.maisbn.com\/portal\/wp-json\/wp\/v2\/categories?post=12124"},{"taxonomy":"post_tag","embeddable":true,"href":"https:\/\/www.maisbn.com\/portal\/wp-json\/wp\/v2\/tags?post=12124"}],"curies":[{"name":"wp","href":"https:\/\/api.w.org\/{rel}","templated":true}]}}