{"id":12109,"date":"2016-08-28T08:11:50","date_gmt":"2016-08-28T11:11:50","guid":{"rendered":"http:\/\/www.maisbn.com\/portal\/?p=12109"},"modified":"2016-08-28T08:11:50","modified_gmt":"2016-08-28T11:11:50","slug":"albervan-faz-passeata-e-comenta-sobre-processo-movido-pelo-grupo-do-ex-prefeito-iedo-elias","status":"publish","type":"post","link":"https:\/\/www.maisbn.com\/portal\/2016\/08\/albervan-faz-passeata-e-comenta-sobre-processo-movido-pelo-grupo-do-ex-prefeito-iedo-elias\/","title":{"rendered":"Albervan faz passeata e comenta sobre processo movido pelo grupo do ex-prefeito I\u00eado Elias."},"content":{"rendered":"<p><span style=\"color: #000000;\">Neste s\u00e1bado (27\/08) mais eventos pol\u00edticos aconteceram na cidade e os candidatos da Coliga\u00e7\u00e3o &#8216;Construindo o Presente para Realizar o Futuro&#8217; que tem como chapa Alice Britto e Albervan Nunes concentraram suas a\u00e7\u00f5es no interior do munic\u00edpio.<\/span><\/p>\n<p><span style=\"color: #000000;\"><a style=\"color: #000000;\" href=\"http:\/\/www.maisbn.com\/portal\/wp-content\/uploads\/2016\/08\/caminhadaalbervan00007.jpg\"><img loading=\"lazy\" decoding=\"async\" class=\"aligncenter size-full wp-image-12110\" src=\"http:\/\/www.maisbn.com\/portal\/wp-content\/uploads\/2016\/08\/caminhadaalbervan00007.jpg\" alt=\"caminhadaalbervan00007\" width=\"650\" height=\"412\" \/><\/a><\/span><\/p>\n<p><span style=\"color: #000000;\">Albervan Nunes, vice na chapa de Alice Britto, realizou uma caminhada pelos Bairros do distrito de Barrol\u00e2ndia e visitou v\u00e1rias fam\u00edlias. Durante a visita o mesmo comentou com as pessoas as realiza\u00e7\u00f5es do governo de Alice Britto e as propostas que ser\u00e3o implementadas no futuro. &#8220;\u00c9 f\u00e1cil falar de Alice porque ela tem servi\u00e7os prestados na comunidade e todo mundo sabe disso. N\u00e3o falo mal de nenhum candidato, apenas mostro as nossas conquistas conseguidas mesmo com essa crise que assolou os munic\u00edpios.&#8221;<\/span><\/p>\n<p><a href=\"http:\/\/www.maisbn.com\/portal\/wp-content\/uploads\/2016\/08\/mosaico_caminhadaalbervan.jpg\"><img loading=\"lazy\" decoding=\"async\" class=\"aligncenter size-full wp-image-12111\" src=\"http:\/\/www.maisbn.com\/portal\/wp-content\/uploads\/2016\/08\/mosaico_caminhadaalbervan.jpg\" alt=\"mosaico_caminhadaalbervan\" width=\"700\" height=\"450\" \/><\/a><\/p>\n<p><span style=\"color: #000000;\">Albervan tamb\u00e9m pediu para que as pessoas n\u00e3o vendam o seu voto, que fa\u00e7am sua escolha com sabedoria e pesquisem a vida dos candidatos. Perguntado sobre o processo de impugna\u00e7\u00e3o da sua candidatura movido pela coliga\u00e7\u00e3o advers\u00e1ria liderada pelo ex-prefeito I\u00eado Elias, o mesmo respondeu que acredita na justi\u00e7a e que as acusa\u00e7\u00f5es s\u00e3o inver\u00eddicas. &#8220;Eu tenho consci\u00eancia que n\u00e3o fiz nada de errado, cumpri os prazos legais corretamente e a justi\u00e7a mostrar\u00e1 isso.&#8221; &#8211; Comentou Albervan.<\/span><\/p>\n","protected":false},"excerpt":{"rendered":"<p>Neste s\u00e1bado (27\/08) mais eventos pol\u00edticos aconteceram na cidade e os candidatos da Coliga\u00e7\u00e3o &#8216;Construindo o Presente para Realizar o Futuro&#8217; que tem como chapa Alice Britto e Albervan Nunes concentraram suas a\u00e7\u00f5es no interior do munic\u00edpio. Albervan Nunes, vice na chapa de Alice Britto, realizou uma caminhada pelos Bairros do distrito de Barrol\u00e2ndia e [&hellip;]<\/p>\n","protected":false},"author":7,"featured_media":12110,"comment_status":"open","ping_status":"open","sticky":false,"template":"","format":"standard","meta":{"footnotes":""},"categories":[1,7],"tags":[108],"class_list":["post-12109","post","type-post","status-publish","format-standard","has-post-thumbnail","hentry","category-noticias","category-politica","tag-belmonte"],"_links":{"self":[{"href":"https:\/\/www.maisbn.com\/portal\/wp-json\/wp\/v2\/posts\/12109","targetHints":{"allow":["GET"]}}],"collection":[{"href":"https:\/\/www.maisbn.com\/portal\/wp-json\/wp\/v2\/posts"}],"about":[{"href":"https:\/\/www.maisbn.com\/portal\/wp-json\/wp\/v2\/types\/post"}],"author":[{"embeddable":true,"href":"https:\/\/www.maisbn.com\/portal\/wp-json\/wp\/v2\/users\/7"}],"replies":[{"embeddable":true,"href":"https:\/\/www.maisbn.com\/portal\/wp-json\/wp\/v2\/comments?post=12109"}],"version-history":[{"count":1,"href":"https:\/\/www.maisbn.com\/portal\/wp-json\/wp\/v2\/posts\/12109\/revisions"}],"predecessor-version":[{"id":12112,"href":"https:\/\/www.maisbn.com\/portal\/wp-json\/wp\/v2\/posts\/12109\/revisions\/12112"}],"wp:featuredmedia":[{"embeddable":true,"href":"https:\/\/www.maisbn.com\/portal\/wp-json\/wp\/v2\/media\/12110"}],"wp:attachment":[{"href":"https:\/\/www.maisbn.com\/portal\/wp-json\/wp\/v2\/media?parent=12109"}],"wp:term":[{"taxonomy":"category","embeddable":true,"href":"https:\/\/www.maisbn.com\/portal\/wp-json\/wp\/v2\/categories?post=12109"},{"taxonomy":"post_tag","embeddable":true,"href":"https:\/\/www.maisbn.com\/portal\/wp-json\/wp\/v2\/tags?post=12109"}],"curies":[{"name":"wp","href":"https:\/\/api.w.org\/{rel}","templated":true}]}}