{"id":12099,"date":"2016-08-26T16:42:20","date_gmt":"2016-08-26T19:42:20","guid":{"rendered":"http:\/\/www.maisbn.com\/portal\/?p=12099"},"modified":"2016-08-26T16:42:20","modified_gmt":"2016-08-26T19:42:20","slug":"grupo-politico-de-iedo-elias-busca-anular-na-justica-coligacao-de-partidos-que-apoia-janio-natal-para-prefeito","status":"publish","type":"post","link":"https:\/\/www.maisbn.com\/portal\/2016\/08\/grupo-politico-de-iedo-elias-busca-anular-na-justica-coligacao-de-partidos-que-apoia-janio-natal-para-prefeito\/","title":{"rendered":"Grupo pol\u00edtico de I\u00eado Elias busca anular na justi\u00e7a coliga\u00e7\u00e3o de partidos que apoia J\u00e2nio Natal para prefeito."},"content":{"rendered":"<div id=\"attachment_12104\" style=\"width: 710px\" class=\"wp-caption aligncenter\"><a href=\"http:\/\/www.maisbn.com\/portal\/wp-content\/uploads\/2016\/08\/Forum_Belmonte.jpg\"><img loading=\"lazy\" decoding=\"async\" aria-describedby=\"caption-attachment-12104\" class=\"wp-image-12104 size-full\" src=\"http:\/\/www.maisbn.com\/portal\/wp-content\/uploads\/2016\/08\/Forum_Belmonte.jpg\" alt=\"Forum_Belmonte\" width=\"700\" height=\"461\" \/><\/a><p id=\"caption-attachment-12104\" class=\"wp-caption-text\">F\u00f3rum Dr. Luiz Viana Filho (Justi\u00e7a Eleitoral de Belmonte).<\/p><\/div>\n<p>Diferente da pol\u00edtica nas ruas, o clima t\u00e1 quente no \u00e2mbito da Justi\u00e7a Eleitoral de Belmonte e a novidade do momento \u00e9 o processo de impugna\u00e7\u00e3o movido pela coliga\u00e7\u00e3o &#8216;Juntos por uma Belmonte que Queremos&#8217;, que tem como l\u00edder pol\u00edtico o ex-prefeito I\u00eado Elias, contra a coliga\u00e7\u00e3o &#8216;Juntos Seremos Forte&#8217; que apoia a candidatura do Deputado Estadual J\u00e2nio Natal. O grupo pol\u00edtico do ex-prefeito busca anular a participa\u00e7\u00e3o do Partido Ecol\u00f3gico Nacional (PEN) da coliga\u00e7\u00e3o do Deputado por meio da acusa\u00e7\u00e3o de que o presidente do partido, o advogado Augusto, n\u00e3o estava na conven\u00e7\u00e3o, mas o seu nome, na Ata do evento, estava constando na condi\u00e7\u00e3o de presente . O mesmo grupo pol\u00edtico ainda acusa que o candidato a Vereador Leonardo Bittencourt (L\u00e9o do Surf) n\u00e3o teria assinado a lista de presen\u00e7a da conven\u00e7\u00e3o e busca, atrav\u00e9s desse motivo, impugnar a candidatura do mesmo.<\/p>\n<div id=\"attachment_11861\" style=\"width: 710px\" class=\"wp-caption aligncenter\"><a href=\"http:\/\/www.maisbn.com\/portal\/wp-content\/uploads\/2016\/08\/mosaico_convencaoptn19.jpg\"><img loading=\"lazy\" decoding=\"async\" aria-describedby=\"caption-attachment-11861\" class=\"size-full wp-image-11861\" src=\"http:\/\/www.maisbn.com\/portal\/wp-content\/uploads\/2016\/08\/mosaico_convencaoptn19.jpg\" alt=\"Conven\u00e7\u00e3o da coliga\u00e7\u00e3o 'Juntos Seremos Fortes'.\" width=\"700\" height=\"450\" \/><\/a><p id=\"caption-attachment-11861\" class=\"wp-caption-text\">Imagens do dia da Conven\u00e7\u00e3o da coliga\u00e7\u00e3o &#8216;Juntos Seremos Fortes&#8217;.<\/p><\/div>\n<p>Nossa equipe entrou em contato nesta manh\u00e3 com o advogado Augusto, presidente do PEN, que classificou as acusa\u00e7\u00f5es como inver\u00eddicas, ilegais e abusivas. Ele explicou que teve realmente um pequeno erro na elabora\u00e7\u00e3o da ata, j\u00e1 que, o mesmo realmente n\u00e3o estava na conven\u00e7\u00e3o, mas tinha outorgado uma procura\u00e7\u00e3o p\u00fablica lavrada em cart\u00f3rio para que o candidato a vereador C\u00e9sar Badar\u00f3 o representasse. &#8220;Badar\u00f3 tinha uma procura\u00e7\u00e3o registrada em cart\u00f3rio aonde o mesmo tinha plenos poderes para resolver todas as quest\u00f5es do PEN, inclusive a assinatura da conven\u00e7\u00e3o e coliga\u00e7\u00e3o partid\u00e1ria. Ele assinou e constou no documento que estava assinando sob o poder de uma procura\u00e7\u00e3o outorgada pelo presidente do partido. Inclusive a Lei 9504\/97, Art. 6\u00ba, Par\u00e1grafo 3\u00ba, Incisos II e III faculta aos partidos que comp\u00f5em a coliga\u00e7\u00e3o a outorga de poderes a um representante para desempenhar interesses do partido sobretudo celebrar coliga\u00e7\u00f5es nos termos da norma eleitoral. Est\u00e1 tudo dentro das exig\u00eancias legais.&#8221; &#8211; Comentou o advogado.<\/p>\n<div id=\"attachment_11861\" style=\"width: 710px\" class=\"wp-caption aligncenter\"><a href=\"http:\/\/www.maisbn.com\/portal\/wp-content\/uploads\/2016\/08\/mosaico_convencaoptn19.jpg\"><img loading=\"lazy\" decoding=\"async\" aria-describedby=\"caption-attachment-11861\" class=\"size-full wp-image-11861\" src=\"http:\/\/www.maisbn.com\/portal\/wp-content\/uploads\/2016\/08\/mosaico_convencaoptn19.jpg\" alt=\"Conven\u00e7\u00e3o da coliga\u00e7\u00e3o 'Juntos Seremos Fortes'.\" width=\"700\" height=\"450\" \/><\/a><p id=\"caption-attachment-11861\" class=\"wp-caption-text\">Conven\u00e7\u00e3o da coliga\u00e7\u00e3o &#8216;Juntos Seremos Fortes&#8217;.<\/p><\/div>\n<p>Sobre a situa\u00e7\u00e3o do candidato a vereador L\u00e9o do Surf, o presidente do PEN comentou que a coliga\u00e7\u00e3o advers\u00e1ria busca impugnar a candidatura do mesmo por falta de assinatura na lista de presen\u00e7a, sendo que, o candidato assinou a Lista da Conven\u00e7\u00e3o e tem provas do seu comparecimento ao evento que celebrou a coliga\u00e7\u00e3o. Augusto ainda informou que a jurisprud\u00eancia do Tribunal Superior Eleitoral (TSE) \u00e9 no sentido de que erro meramente formal e de f\u00e1cil constata\u00e7\u00e3o n\u00e3o tem capacidade de prejudicar a candidatura do filiado. O advogado ainda mencionou que a S\u00famula 20 do TSE diz que a falta do nome do filiado ao partido na lista por este encaminhada \u00e0 justi\u00e7a eleitoral pode ser suprida por outros elementos de prova. &#8220;O que se verifica \u00e9 a n\u00edtida imputa\u00e7\u00e3o caluniosa de crime na tentativa de macular a imagem do Partido Ecol\u00f3gico Nacional. Isso \u00e9 uma pr\u00e1tica rotineira da forma de fazer campanha do advers\u00e1rio.&#8221; &#8211; Finalizou o presidente do PEN.<\/p>\n<div id=\"attachment_12105\" style=\"width: 727px\" class=\"wp-caption aligncenter\"><a href=\"http:\/\/www.maisbn.com\/portal\/wp-content\/uploads\/2016\/08\/IMG-20160824-WA0094.jpg\"><img loading=\"lazy\" decoding=\"async\" aria-describedby=\"caption-attachment-12105\" class=\"wp-image-12105 size-full\" src=\"http:\/\/www.maisbn.com\/portal\/wp-content\/uploads\/2016\/08\/IMG-20160824-WA0094.jpg\" alt=\"IMG-20160824-WA0094\" width=\"717\" height=\"470\" \/><\/a><p id=\"caption-attachment-12105\" class=\"wp-caption-text\">A\u00e7\u00e3o busca impugnar candidatura de L\u00e9o do Surf por falta de assinatura na lista de presen\u00e7a da Conven\u00e7\u00e3o.<\/p><\/div>\n<p>Analisando as manobras judiciais propostas podemos perceber uma engenhosa estrat\u00e9gia para minar o advers\u00e1rio pol\u00edtico e enfraquece-lo. Se o grupo pol\u00edtico do ex-prefeito I\u00eado Elias conseguir comprovar suas acusa\u00e7\u00f5es estar\u00e1 pondo em xeque a coliga\u00e7\u00e3o que da sustenta\u00e7\u00e3o ao Deputado J\u00e2nio Natal, pois o mesmo perderia um partido e 03 candidatos a vereadores. O objetivo da a\u00e7\u00e3o \u00e9 tentar o esfacelamento da coliga\u00e7\u00e3o do Deputado, inviabiliza-lo e tir\u00e1-lo do p\u00e1reo. Os advers\u00e1rios do ex-prefeito usam o termo &#8220;Ganhar no Tapet\u00e3o&#8221; para classificar as a\u00e7\u00f5es que, segundo eles, s\u00e3o meras manobras para fugir da luta democr\u00e1tica pelo voto dos belmontenses.<\/p>\n<p>Muitas emo\u00e7\u00f5es ainda ir\u00e3o acontecer, pois a pol\u00edtica s\u00f3 est\u00e1 come\u00e7ando. Esperaremos e acompanharemos o desenrolar dos fatos dessa campanha que promete ser a mais disputada de todos os tempos em Belmonte.<\/p>\n<p>&nbsp;<\/p>\n<p>&nbsp;<\/p>\n","protected":false},"excerpt":{"rendered":"<p>Diferente da pol\u00edtica nas ruas, o clima t\u00e1 quente no \u00e2mbito da Justi\u00e7a Eleitoral de Belmonte e a novidade do momento \u00e9 o processo de impugna\u00e7\u00e3o movido pela coliga\u00e7\u00e3o &#8216;Juntos por uma Belmonte que Queremos&#8217;, que tem como l\u00edder pol\u00edtico o ex-prefeito I\u00eado Elias, contra a coliga\u00e7\u00e3o &#8216;Juntos Seremos Forte&#8217; que apoia a candidatura do [&hellip;]<\/p>\n","protected":false},"author":7,"featured_media":12104,"comment_status":"open","ping_status":"open","sticky":false,"template":"","format":"standard","meta":{"footnotes":""},"categories":[1,7],"tags":[108],"class_list":["post-12099","post","type-post","status-publish","format-standard","has-post-thumbnail","hentry","category-noticias","category-politica","tag-belmonte"],"_links":{"self":[{"href":"https:\/\/www.maisbn.com\/portal\/wp-json\/wp\/v2\/posts\/12099","targetHints":{"allow":["GET"]}}],"collection":[{"href":"https:\/\/www.maisbn.com\/portal\/wp-json\/wp\/v2\/posts"}],"about":[{"href":"https:\/\/www.maisbn.com\/portal\/wp-json\/wp\/v2\/types\/post"}],"author":[{"embeddable":true,"href":"https:\/\/www.maisbn.com\/portal\/wp-json\/wp\/v2\/users\/7"}],"replies":[{"embeddable":true,"href":"https:\/\/www.maisbn.com\/portal\/wp-json\/wp\/v2\/comments?post=12099"}],"version-history":[{"count":3,"href":"https:\/\/www.maisbn.com\/portal\/wp-json\/wp\/v2\/posts\/12099\/revisions"}],"predecessor-version":[{"id":12106,"href":"https:\/\/www.maisbn.com\/portal\/wp-json\/wp\/v2\/posts\/12099\/revisions\/12106"}],"wp:featuredmedia":[{"embeddable":true,"href":"https:\/\/www.maisbn.com\/portal\/wp-json\/wp\/v2\/media\/12104"}],"wp:attachment":[{"href":"https:\/\/www.maisbn.com\/portal\/wp-json\/wp\/v2\/media?parent=12099"}],"wp:term":[{"taxonomy":"category","embeddable":true,"href":"https:\/\/www.maisbn.com\/portal\/wp-json\/wp\/v2\/categories?post=12099"},{"taxonomy":"post_tag","embeddable":true,"href":"https:\/\/www.maisbn.com\/portal\/wp-json\/wp\/v2\/tags?post=12099"}],"curies":[{"name":"wp","href":"https:\/\/api.w.org\/{rel}","templated":true}]}}