{"id":12073,"date":"2016-08-20T21:54:42","date_gmt":"2016-08-21T00:54:42","guid":{"rendered":"http:\/\/www.maisbn.com\/portal\/?p=12073"},"modified":"2016-08-20T21:54:42","modified_gmt":"2016-08-21T00:54:42","slug":"adefiba-realiza-evento-em-barrolandia-para-discutir-a-preservacao-do-corrego-de-ouro","status":"publish","type":"post","link":"https:\/\/www.maisbn.com\/portal\/2016\/08\/adefiba-realiza-evento-em-barrolandia-para-discutir-a-preservacao-do-corrego-de-ouro\/","title":{"rendered":"ADEFIBA realiza evento em Barrol\u00e2ndia para discutir a preserva\u00e7\u00e3o do C\u00f3rrego de Ouro."},"content":{"rendered":"<p><span style=\"color: #000000;\">Na noite do dia 18\/08 foi realizada uma reuni\u00e3o onde o tema principal foi a discuss\u00e3o das a\u00e7\u00f5es de preserva\u00e7\u00e3o e revitaliza\u00e7\u00e3o do C\u00f3rrego do Ouro, onde \u00e9 captada a \u00e1gua que abastece o distrito de Barrol\u00e2ndia e o povoado de Ponto Central.<\/span><\/p>\n<p><span style=\"color: #000000;\"><a style=\"color: #000000;\" href=\"http:\/\/www.maisbn.com\/portal\/wp-content\/uploads\/2016\/08\/adfiba00024.jpg\"><img loading=\"lazy\" decoding=\"async\" class=\"aligncenter size-full wp-image-12075\" src=\"http:\/\/www.maisbn.com\/portal\/wp-content\/uploads\/2016\/08\/adfiba00024.jpg\" alt=\"adfiba00024\" width=\"650\" height=\"412\" \/><\/a><\/span><\/p>\n<p><span style=\"color: #000000;\">O evento, que foi idealizado pela Associa\u00e7\u00e3o dos Deficientes F\u00edsicos de Barrol\u00e2ndia (ADEFIBA), aconteceu nas depend\u00eancias do Col\u00e9gio Antonio Carlos Magalh\u00e3es onde foram discutidos os cuidados com os produtos qu\u00edmicos, queimadas e o ac\u00famulo de lixo nas regi\u00f5es pr\u00f3ximas \u00e0s nascentes.<\/span><\/p>\n<p><a href=\"http:\/\/www.maisbn.com\/portal\/wp-content\/uploads\/2016\/08\/adfiba00013.jpg\"><img loading=\"lazy\" decoding=\"async\" class=\"aligncenter size-full wp-image-12076\" src=\"http:\/\/www.maisbn.com\/portal\/wp-content\/uploads\/2016\/08\/adfiba00013.jpg\" alt=\"adfiba00013\" width=\"650\" height=\"412\" \/><\/a><\/p>\n<p><span style=\"color: #000000;\">A candidata Alice Britto esteve no evento e em suas palavras alertou a comunidade para a grande import\u00e2ncia dos cuidados com o meio ambiente. A mesma colocou que isso n\u00e3o \u00e9 s\u00f3 um dever do poder p\u00fablico e das empresas, e sim, de toda a comunidade porque todos moramos no mesmo planeta e sofreremos com as consequ\u00eancias advindas da falta de cuidado com o ecossistema que vivemos.<\/span><\/p>\n<p><a href=\"http:\/\/www.maisbn.com\/portal\/wp-content\/uploads\/2016\/08\/adfiba00002.jpg\"><img loading=\"lazy\" decoding=\"async\" class=\"aligncenter size-full wp-image-12077\" src=\"http:\/\/www.maisbn.com\/portal\/wp-content\/uploads\/2016\/08\/adfiba00002.jpg\" alt=\"adfiba00002\" width=\"650\" height=\"412\" \/><\/a><\/p>\n<p><span style=\"color: #000000;\">Tamb\u00e9m estiveram presentes o Sr. Robson Menezes representando a EMBASA, Isabel Biacchi representando a Veracel, Joares de Paula representando a Usina Santa Cruz, professores, alunos e comunidade local.<\/span><\/p>\n","protected":false},"excerpt":{"rendered":"<p>Na noite do dia 18\/08 foi realizada uma reuni\u00e3o onde o tema principal foi a discuss\u00e3o das a\u00e7\u00f5es de preserva\u00e7\u00e3o e revitaliza\u00e7\u00e3o do C\u00f3rrego do Ouro, onde \u00e9 captada a \u00e1gua que abastece o distrito de Barrol\u00e2ndia e o povoado de Ponto Central. O evento, que foi idealizado pela Associa\u00e7\u00e3o dos Deficientes F\u00edsicos de Barrol\u00e2ndia [&hellip;]<\/p>\n","protected":false},"author":7,"featured_media":12077,"comment_status":"open","ping_status":"open","sticky":false,"template":"","format":"standard","meta":{"footnotes":""},"categories":[45,1],"tags":[108],"class_list":["post-12073","post","type-post","status-publish","format-standard","has-post-thumbnail","hentry","category-cidades","category-noticias","tag-belmonte"],"_links":{"self":[{"href":"https:\/\/www.maisbn.com\/portal\/wp-json\/wp\/v2\/posts\/12073","targetHints":{"allow":["GET"]}}],"collection":[{"href":"https:\/\/www.maisbn.com\/portal\/wp-json\/wp\/v2\/posts"}],"about":[{"href":"https:\/\/www.maisbn.com\/portal\/wp-json\/wp\/v2\/types\/post"}],"author":[{"embeddable":true,"href":"https:\/\/www.maisbn.com\/portal\/wp-json\/wp\/v2\/users\/7"}],"replies":[{"embeddable":true,"href":"https:\/\/www.maisbn.com\/portal\/wp-json\/wp\/v2\/comments?post=12073"}],"version-history":[{"count":2,"href":"https:\/\/www.maisbn.com\/portal\/wp-json\/wp\/v2\/posts\/12073\/revisions"}],"predecessor-version":[{"id":12078,"href":"https:\/\/www.maisbn.com\/portal\/wp-json\/wp\/v2\/posts\/12073\/revisions\/12078"}],"wp:featuredmedia":[{"embeddable":true,"href":"https:\/\/www.maisbn.com\/portal\/wp-json\/wp\/v2\/media\/12077"}],"wp:attachment":[{"href":"https:\/\/www.maisbn.com\/portal\/wp-json\/wp\/v2\/media?parent=12073"}],"wp:term":[{"taxonomy":"category","embeddable":true,"href":"https:\/\/www.maisbn.com\/portal\/wp-json\/wp\/v2\/categories?post=12073"},{"taxonomy":"post_tag","embeddable":true,"href":"https:\/\/www.maisbn.com\/portal\/wp-json\/wp\/v2\/tags?post=12073"}],"curies":[{"name":"wp","href":"https:\/\/api.w.org\/{rel}","templated":true}]}}