{"id":12044,"date":"2016-08-19T22:12:02","date_gmt":"2016-08-20T01:12:02","guid":{"rendered":"http:\/\/www.maisbn.com\/portal\/?p=12044"},"modified":"2016-08-19T22:12:02","modified_gmt":"2016-08-20T01:12:02","slug":"coligacoes-fecham-acordo-que-definira-o-comportamento-de-carros-de-som-nas-eleicoes-2016","status":"publish","type":"post","link":"https:\/\/www.maisbn.com\/portal\/2016\/08\/coligacoes-fecham-acordo-que-definira-o-comportamento-de-carros-de-som-nas-eleicoes-2016\/","title":{"rendered":"Coliga\u00e7\u00f5es fecham acordo que definir\u00e1 o comportamento de carros de som nas Elei\u00e7\u00f5es 2016."},"content":{"rendered":"<p><a href=\"http:\/\/www.maisbn.com\/portal\/wp-content\/uploads\/2016\/07\/eleicoes2016.jpg\"><img loading=\"lazy\" decoding=\"async\" class=\"aligncenter size-full wp-image-11690\" src=\"http:\/\/www.maisbn.com\/portal\/wp-content\/uploads\/2016\/07\/eleicoes2016.jpg\" alt=\"eleicoes2016\" width=\"600\" height=\"450\" \/><\/a><\/p>\n<p><span style=\"color: #000000;\">Na \u00faltima quinta-feira (18\/08) representantes das tr\u00eas coliga\u00e7\u00f5es que disputam as elei\u00e7\u00f5es 2016 em Belmonte se reuniram no Sal\u00e3o do J\u00fari do F\u00f3rum Luiz Viana Filho para o fechamento de um acordo que disciplinar\u00e1 o uso de carros de som na cidade, bem como, o comportamento das coliga\u00e7\u00f5es com rela\u00e7\u00e3o a passeatas, caminhadas, com\u00edcios e eventos pol\u00edticos durante o pleito eleitoral.<\/span><\/p>\n<p><span style=\"color: #000000;\">Estiveram presentes na reuni\u00e3o o Sr. Flavielle Victor Jos\u00e9 de S\u00e1 representando a Coliga\u00e7\u00e3o &#8216;Juntos por uma Belmonte que queremos&#8217;, O Sr. Janival Andrade representando a Coliga\u00e7\u00e3o &#8216;Juntos Seremos Fortes&#8217; e o Sr. Edson Melo Britto representando a Coliga\u00e7\u00e3o &#8216;Construindo o Presente para Realizar o Futuro&#8217;.<\/span><\/p>\n<p><span style=\"color: #000000;\">Na reuni\u00e3o cada coliga\u00e7\u00e3o designou a sua Comiss\u00e3o de Transportes onde os Srs. Marcelo Guimar\u00e3es e Sidinei Marinho Borges ficaram respons\u00e1veis pela coliga\u00e7\u00e3o &#8216;Juntos por uma Belmonte que Queremos, o Srs. Janival Andrade Borges e Valter Paternostro Lapa ficaram respons\u00e1veis pela Coliga\u00e7\u00e3o Juntos Seremos Fortes e os Srs. Dilson Concei\u00e7\u00e3o Santos e Fernando Costa Bel\u00e9m pela Coliga\u00e7\u00e3o &#8216;Construindo o Presente para Realizar o Futuro&#8217;.<\/span><\/p>\n<p><span style=\"color: #000000;\">Na reuni\u00e3o tamb\u00e9m ficou definido que em dias de com\u00edcio ser\u00e1 liberado apenas um carro de som da coliga\u00e7\u00e3o por localidades (Belmonte Sede, Barrol\u00e2ndia, Santa Maria Eterna, Boca do Corrego, Mogiqui\u00e7aba e demais localidades) obedecendo os decib\u00e9is previstos em lei. No caso de caminhadas apenas um carro de som ser\u00e1 liberado para o percurso do evento. Em carreatas ser\u00e3o liberados um carro de som principal e carros de passeio com o som ligado.<\/span><\/p>\n<p><span style=\"color: #000000;\">Ainda ficou decidido que durante a campanha as coliga\u00e7\u00f5es far\u00e3o apenas 02 com\u00edcios na sede, 02 com\u00edcios em Barrol\u00e2ndia, 01 em Santa Maria Eterna e 01 em Boca do C\u00f3rrego. Tamb\u00e9m ficou definido que no dia da vota\u00e7\u00e3o as coliga\u00e7\u00f5es ter\u00e3o apenas 01 fiscal por se\u00e7\u00e3o.<\/span><\/p>\n<p><span style=\"color: #000000;\">Ao final da reuni\u00e3o ficou estipulado uma multa de R$ 3.ooo,00 para a coliga\u00e7\u00e3o que desrespeitar o acordo e demais acordos, que porventura, sejam celebrados nas Elei\u00e7\u00f5es 2016.<\/span><\/p>\n<p><span style=\"color: #000000;\">Os correligion\u00e1rios pertencentes \u00e0s coliga\u00e7\u00f5es reclamaram do acordo e dizem que a campanha ficou sem gra\u00e7a. Alguns candidatos a vereador que j\u00e1 tinham mandado fazer os seus jingles e montado carros de som ficaram desapontados com a resolu\u00e7\u00e3o e preferiram apostar nas redes sociais para divulgar as m\u00fasicas com os seus respectivos n\u00fameros.<\/span><\/p>\n<p><span style=\"color: #000000;\">A popula\u00e7\u00e3o em geral gostou do acordo porque j\u00e1 era temida a polui\u00e7\u00e3o sonora que acaba acontecendo em todas as elei\u00e7\u00f5es onde os donos de carros de som acabam travando disputas para ver quem tem o som mais potentes. O acordo tamb\u00e9m significa menos gastos nas elei\u00e7\u00f5es com combust\u00edvel e aluguel dos ve\u00edculos que trabalhariam nas elei\u00e7\u00f5es.<\/span><\/p>\n<p>&nbsp;<\/p>\n","protected":false},"excerpt":{"rendered":"<p>Na \u00faltima quinta-feira (18\/08) representantes das tr\u00eas coliga\u00e7\u00f5es que disputam as elei\u00e7\u00f5es 2016 em Belmonte se reuniram no Sal\u00e3o do J\u00fari do F\u00f3rum Luiz Viana Filho para o fechamento de um acordo que disciplinar\u00e1 o uso de carros de som na cidade, bem como, o comportamento das coliga\u00e7\u00f5es com rela\u00e7\u00e3o a passeatas, caminhadas, com\u00edcios e [&hellip;]<\/p>\n","protected":false},"author":7,"featured_media":11690,"comment_status":"open","ping_status":"open","sticky":false,"template":"","format":"standard","meta":{"footnotes":""},"categories":[1,7],"tags":[108],"class_list":["post-12044","post","type-post","status-publish","format-standard","has-post-thumbnail","hentry","category-noticias","category-politica","tag-belmonte"],"_links":{"self":[{"href":"https:\/\/www.maisbn.com\/portal\/wp-json\/wp\/v2\/posts\/12044","targetHints":{"allow":["GET"]}}],"collection":[{"href":"https:\/\/www.maisbn.com\/portal\/wp-json\/wp\/v2\/posts"}],"about":[{"href":"https:\/\/www.maisbn.com\/portal\/wp-json\/wp\/v2\/types\/post"}],"author":[{"embeddable":true,"href":"https:\/\/www.maisbn.com\/portal\/wp-json\/wp\/v2\/users\/7"}],"replies":[{"embeddable":true,"href":"https:\/\/www.maisbn.com\/portal\/wp-json\/wp\/v2\/comments?post=12044"}],"version-history":[{"count":1,"href":"https:\/\/www.maisbn.com\/portal\/wp-json\/wp\/v2\/posts\/12044\/revisions"}],"predecessor-version":[{"id":12045,"href":"https:\/\/www.maisbn.com\/portal\/wp-json\/wp\/v2\/posts\/12044\/revisions\/12045"}],"wp:featuredmedia":[{"embeddable":true,"href":"https:\/\/www.maisbn.com\/portal\/wp-json\/wp\/v2\/media\/11690"}],"wp:attachment":[{"href":"https:\/\/www.maisbn.com\/portal\/wp-json\/wp\/v2\/media?parent=12044"}],"wp:term":[{"taxonomy":"category","embeddable":true,"href":"https:\/\/www.maisbn.com\/portal\/wp-json\/wp\/v2\/categories?post=12044"},{"taxonomy":"post_tag","embeddable":true,"href":"https:\/\/www.maisbn.com\/portal\/wp-json\/wp\/v2\/tags?post=12044"}],"curies":[{"name":"wp","href":"https:\/\/api.w.org\/{rel}","templated":true}]}}