{"id":12013,"date":"2016-08-16T12:57:25","date_gmt":"2016-08-16T15:57:25","guid":{"rendered":"http:\/\/www.maisbn.com\/portal\/?p=12013"},"modified":"2016-08-16T21:14:12","modified_gmt":"2016-08-17T00:14:12","slug":"creas-belmonte-realiza-grande-almoco-para-receber-as-familias-atendidas-pela-entidade","status":"publish","type":"post","link":"https:\/\/www.maisbn.com\/portal\/2016\/08\/creas-belmonte-realiza-grande-almoco-para-receber-as-familias-atendidas-pela-entidade\/","title":{"rendered":"CREAS-Belmonte realiza o Projeto Interagir com as fam\u00edlias atendidas pelo Servi\u00e7o."},"content":{"rendered":"<p><span style=\"color: #000000;\"><a style=\"color: #000000;\" href=\"http:\/\/www.maisbn.com\/portal\/wp-content\/uploads\/2016\/08\/eventodocreasa00014.jpg\"><img loading=\"lazy\" decoding=\"async\" class=\"aligncenter size-full wp-image-12014\" src=\"http:\/\/www.maisbn.com\/portal\/wp-content\/uploads\/2016\/08\/eventodocreasa00014.jpg\" alt=\"eventodocreasa00014\" width=\"650\" height=\"412\" \/><\/a><\/span><\/p>\n<p><span style=\"color: #000000;\">O Centro de Refer\u00eancia Especializado da Assist\u00eancia Social \u2013 CREAS de Belmonte, com o apoio da Secretaria Municipal de Assist\u00eancia Social, realizou no dia 12\/08 um encontro com as fam\u00edlias atendidas pelo servi\u00e7o, visando o fortalecimento dos v\u00ednculos familiares entre as fam\u00edlias e Fam\u00edlia\/CREAS, bem como proporcionar um espa\u00e7o de conviv\u00eancia e intera\u00e7\u00e3o e ampliar as possibilidades de express\u00e3o e autonomia do sujeito na sociedade. O \u00f3rg\u00e3o, que tem a fun\u00e7\u00e3o protetiva justificou a a\u00e7\u00e3o, pela necessidade de estimular os usu\u00e1rios do CREAS a buscarem ajuda nos grupos ofertados, para que superem a situa\u00e7\u00e3o de fragiliza\u00e7\u00e3o por eles vivida. \u201cDessa forma poderemos promover a transforma\u00e7\u00e3o das consequ\u00eancias negativas, relacionadas aos conflitos familiares e viola\u00e7\u00e3o de direitos, entre outros temas demandados pelas fam\u00edlias, assim, o trabalho psicossocial se realiza de forma sustent\u00e1vel.\u201d Comentou a equipe t\u00e9cnica do CREAS.<\/span><\/p>\n<p><span style=\"color: #000000;\"><a style=\"color: #000000;\" href=\"http:\/\/www.maisbn.com\/portal\/wp-content\/uploads\/2016\/08\/eventodocreasa00020.jpg\"><img loading=\"lazy\" decoding=\"async\" class=\"aligncenter size-full wp-image-12015\" src=\"http:\/\/www.maisbn.com\/portal\/wp-content\/uploads\/2016\/08\/eventodocreasa00020.jpg\" alt=\"eventodocreasa00020\" width=\"650\" height=\"412\" \/><\/a><\/span><\/p>\n<p><span style=\"color: #000000;\">O evento come\u00e7ou por volta das 10:00 horas, com exibi\u00e7\u00e3o de v\u00eddeos, palestras e muitas din\u00e2micas, que mostraram a import\u00e2ncia dos v\u00ednculos familiares, encerrando com um delicioso almo\u00e7o.<\/span><\/p>\n<p><span style=\"color: #000000;\">Na oportunidade o CREAS agradece a parceria da Prefeitura Municipal, Secretaria Municipal de Assist\u00eancia Social, CRAS bem como a colabora\u00e7\u00e3o de Dinho Santos, Elizabeth Ribeiro e fam\u00edlia, Mouzer Mota, Sr. Gama e Sr. Celso Ribeiro, volunt\u00e1rios que ajudaram a promover o evento.<\/span><\/p>\n<p><a href=\"http:\/\/www.maisbn.com\/portal\/wp-content\/uploads\/2016\/08\/eventodocreasa00019.jpg\"><img loading=\"lazy\" decoding=\"async\" class=\"aligncenter size-full wp-image-12016\" src=\"http:\/\/www.maisbn.com\/portal\/wp-content\/uploads\/2016\/08\/eventodocreasa00019.jpg\" alt=\"eventodocreasa00019\" width=\"650\" height=\"412\" \/><\/a><\/p>\n<p><span style=\"color: #000000;\">O CREAS \u00e9 o Centro de Refer\u00eancia Especializado de Assist\u00eancia Social. \u00c9 uma unidade p\u00fablica estatal respons\u00e1vel pela oferta de orienta\u00e7\u00e3o e apoio especializados e continuados a indiv\u00edduos e fam\u00edlias com seus direitos violados. Para isso, envolve um conjunto de profissionais e processos de trabalho que devem ofertar apoio e acompanhamento especializado. O CREAS funciona com sigilo. O principal objetivo \u00e9 o resgate da fam\u00edlia, potencializando sua capacidade de prote\u00e7\u00e3o aos seus membros. Fortalecer a autoestima dos indiv\u00edduos usu\u00e1rios e seus familiares, para que haja fortalecimento entre os membros da fam\u00edlia dos usu\u00e1rios e reinser\u00e7\u00e3o dos mesmos na sociedade.<\/span><\/p>\n<p><a href=\"http:\/\/www.maisbn.com\/portal\/wp-content\/uploads\/2016\/08\/eventodocreasa00015.jpg\"><img loading=\"lazy\" decoding=\"async\" class=\"aligncenter size-full wp-image-12017\" src=\"http:\/\/www.maisbn.com\/portal\/wp-content\/uploads\/2016\/08\/eventodocreasa00015.jpg\" alt=\"eventodocreasa00015\" width=\"650\" height=\"412\" \/><\/a><\/p>\n<p><span style=\"color: #000000;\">O p\u00fablico atendido s\u00e3o Crian\u00e7as, adolescentes, idosos, mulheres ou qualquer pessoas que tenha sofrido viola\u00e7\u00e3o de seus direitos.Os adolescentes em cumprimento de medida socioeducativa ou presta\u00e7\u00e3o de servi\u00e7o de Liberdade Assistida tamb\u00e9m fazem parte do p\u00fablico atendido pela entidade.<\/span><\/p>\n<p><span style=\"color: #000000;\">O CREAS de Belmonte conta com uma equipe composta por coordenadora, Assistente Social, Psic\u00f3loga, Advogado, Educadoras Sociais e Agente Administrativo.<\/span><\/p>\n<p><em>Obs: Em respeito \u00e0 \u00e9tica e ao sigilo profissional, n\u00e3o \u00e9 permitido \u00e0 exposi\u00e7\u00e3o de fotografias que identifique o p\u00fablico atendido nos servi\u00e7os do CREAS.<\/em><\/p>\n","protected":false},"excerpt":{"rendered":"<p>O Centro de Refer\u00eancia Especializado da Assist\u00eancia Social \u2013 CREAS de Belmonte, com o apoio da Secretaria Municipal de Assist\u00eancia Social, realizou no dia 12\/08 um encontro com as fam\u00edlias atendidas pelo servi\u00e7o, visando o fortalecimento dos v\u00ednculos familiares entre as fam\u00edlias e Fam\u00edlia\/CREAS, bem como proporcionar um espa\u00e7o de conviv\u00eancia e intera\u00e7\u00e3o e ampliar [&hellip;]<\/p>\n","protected":false},"author":7,"featured_media":12017,"comment_status":"open","ping_status":"open","sticky":false,"template":"","format":"standard","meta":{"footnotes":""},"categories":[45,1],"tags":[108],"class_list":["post-12013","post","type-post","status-publish","format-standard","has-post-thumbnail","hentry","category-cidades","category-noticias","tag-belmonte"],"_links":{"self":[{"href":"https:\/\/www.maisbn.com\/portal\/wp-json\/wp\/v2\/posts\/12013","targetHints":{"allow":["GET"]}}],"collection":[{"href":"https:\/\/www.maisbn.com\/portal\/wp-json\/wp\/v2\/posts"}],"about":[{"href":"https:\/\/www.maisbn.com\/portal\/wp-json\/wp\/v2\/types\/post"}],"author":[{"embeddable":true,"href":"https:\/\/www.maisbn.com\/portal\/wp-json\/wp\/v2\/users\/7"}],"replies":[{"embeddable":true,"href":"https:\/\/www.maisbn.com\/portal\/wp-json\/wp\/v2\/comments?post=12013"}],"version-history":[{"count":3,"href":"https:\/\/www.maisbn.com\/portal\/wp-json\/wp\/v2\/posts\/12013\/revisions"}],"predecessor-version":[{"id":12020,"href":"https:\/\/www.maisbn.com\/portal\/wp-json\/wp\/v2\/posts\/12013\/revisions\/12020"}],"wp:featuredmedia":[{"embeddable":true,"href":"https:\/\/www.maisbn.com\/portal\/wp-json\/wp\/v2\/media\/12017"}],"wp:attachment":[{"href":"https:\/\/www.maisbn.com\/portal\/wp-json\/wp\/v2\/media?parent=12013"}],"wp:term":[{"taxonomy":"category","embeddable":true,"href":"https:\/\/www.maisbn.com\/portal\/wp-json\/wp\/v2\/categories?post=12013"},{"taxonomy":"post_tag","embeddable":true,"href":"https:\/\/www.maisbn.com\/portal\/wp-json\/wp\/v2\/tags?post=12013"}],"curies":[{"name":"wp","href":"https:\/\/api.w.org\/{rel}","templated":true}]}}