{"id":12005,"date":"2016-08-14T13:40:54","date_gmt":"2016-08-14T16:40:54","guid":{"rendered":"http:\/\/www.maisbn.com\/portal\/?p=12005"},"modified":"2016-08-14T13:40:54","modified_gmt":"2016-08-14T16:40:54","slug":"festa-de-n-s-da-cabeca-e-encerrada-com-uma-grande-procissao-pelas-ruas-de-barrolandia","status":"publish","type":"post","link":"https:\/\/www.maisbn.com\/portal\/2016\/08\/festa-de-n-s-da-cabeca-e-encerrada-com-uma-grande-procissao-pelas-ruas-de-barrolandia\/","title":{"rendered":"Festa de N. S. da Cabe\u00e7a \u00e9 encerrada com uma grande prociss\u00e3o pelas ruas de Barrol\u00e2ndia."},"content":{"rendered":"<p><a href=\"http:\/\/www.maisbn.com\/portal\/wp-content\/uploads\/2016\/08\/procissao00045.jpg\"><img loading=\"lazy\" decoding=\"async\" class=\"aligncenter size-full wp-image-12006\" src=\"http:\/\/www.maisbn.com\/portal\/wp-content\/uploads\/2016\/08\/procissao00045.jpg\" alt=\"procissao00045\" width=\"650\" height=\"412\" \/><\/a><\/p>\n<p><span style=\"color: #000000;\">Um grande n\u00famero de fi\u00e9is se uniram em Barrol\u00e2ndia no dia 12\/08 para participarem da tradicional prociss\u00e3o\u00a0 que encerra os festejos de Nossa Senhora da Cabe\u00e7a, padroeira do distrito.<\/span><span style=\"color: #000000;\">A prociss\u00e3o percorreu diversas ruas do distrito e a imagem da padroeira recebeu diversas manifesta\u00e7\u00f5es de carinho e f\u00e9 pelas localidades que passou. <\/span><\/p>\n<p><a href=\"http:\/\/www.maisbn.com\/portal\/wp-content\/uploads\/2016\/08\/procissao00023.jpg\"><img loading=\"lazy\" decoding=\"async\" class=\"aligncenter size-full wp-image-12008\" src=\"http:\/\/www.maisbn.com\/portal\/wp-content\/uploads\/2016\/08\/procissao00023.jpg\" alt=\"procissao00023\" width=\"650\" height=\"412\" \/><\/a><\/p>\n<p><span style=\"color: #000000;\">A Prefeita Alice Britto e sua comitiva se fez presente na prociss\u00e3o e na missa de finaliza\u00e7\u00e3o junto com o seu candidato a vice Albervan Nunes. Os dois foram muito cumprimentados pela comunidade e receberam muitas palavras de apoio.<\/span><\/p>\n<p><a href=\"http:\/\/www.maisbn.com\/portal\/wp-content\/uploads\/2016\/08\/procissao00006.jpg\"><img loading=\"lazy\" decoding=\"async\" class=\"aligncenter size-full wp-image-12009\" src=\"http:\/\/www.maisbn.com\/portal\/wp-content\/uploads\/2016\/08\/procissao00006.jpg\" alt=\"procissao00006\" width=\"650\" height=\"412\" \/><\/a><\/p>\n<p><span style=\"color: #000000;\">Outra personalidade pol\u00edtica que compareceu ao evento foi o ex-prefeito e candidato I\u00eado Elias. O mesmo compareceu com o empres\u00e1rio Flavielli, seu candidato a vice e tamb\u00e9m foi muito cumprimentado por correligion\u00e1rios e apoiadores da sua campanha.<\/span><\/p>\n<p><a href=\"http:\/\/www.maisbn.com\/portal\/wp-content\/uploads\/2016\/08\/procissao00017.jpg\"><img loading=\"lazy\" decoding=\"async\" class=\"aligncenter size-full wp-image-12010\" src=\"http:\/\/www.maisbn.com\/portal\/wp-content\/uploads\/2016\/08\/procissao00017.jpg\" alt=\"procissao00017\" width=\"650\" height=\"412\" \/><\/a><\/p>\n<p><span style=\"color: #000000;\">A missa de finaliza\u00e7\u00e3o foi celebrada pelo Padre Clodoaldo, que est\u00e1 a frente da Igreja em Barrol\u00e2ndia e a prega\u00e7\u00e3o ficou por conta do Rev.mo. Pe L\u00facio Barbosa(representante do clero) O mesmo fez uma prele\u00e7\u00e3o bel\u00edssima das palavras b\u00edblicas, e ao final o padre Clodoaldo agradeceu \u00e0 todos que participaram durante as festividades da padroeira.<\/span><\/p>\n<p><a href=\"http:\/\/www.maisbn.com\/portal\/wp-content\/uploads\/2016\/08\/procissao00003.jpg\"><img loading=\"lazy\" decoding=\"async\" class=\"aligncenter size-full wp-image-12011\" src=\"http:\/\/www.maisbn.com\/portal\/wp-content\/uploads\/2016\/08\/procissao00003.jpg\" alt=\"procissao00003\" width=\"650\" height=\"412\" \/><\/a><\/p>\n<p><span style=\"color: #000000;\">A comemora\u00e7\u00e3o ainda contou com apresenta\u00e7\u00f5es de capoeira e com a musicalidade da banda cat\u00f3lica Solid\u00e1rios de Porto Seguro.<\/span><\/p>\n","protected":false},"excerpt":{"rendered":"<p>Um grande n\u00famero de fi\u00e9is se uniram em Barrol\u00e2ndia no dia 12\/08 para participarem da tradicional prociss\u00e3o\u00a0 que encerra os festejos de Nossa Senhora da Cabe\u00e7a, padroeira do distrito.A prociss\u00e3o percorreu diversas ruas do distrito e a imagem da padroeira recebeu diversas manifesta\u00e7\u00f5es de carinho e f\u00e9 pelas localidades que passou. A Prefeita Alice Britto [&hellip;]<\/p>\n","protected":false},"author":7,"featured_media":12006,"comment_status":"open","ping_status":"open","sticky":false,"template":"","format":"standard","meta":{"footnotes":""},"categories":[1,98],"tags":[108],"class_list":["post-12005","post","type-post","status-publish","format-standard","has-post-thumbnail","hentry","category-noticias","category-religiao","tag-belmonte"],"_links":{"self":[{"href":"https:\/\/www.maisbn.com\/portal\/wp-json\/wp\/v2\/posts\/12005","targetHints":{"allow":["GET"]}}],"collection":[{"href":"https:\/\/www.maisbn.com\/portal\/wp-json\/wp\/v2\/posts"}],"about":[{"href":"https:\/\/www.maisbn.com\/portal\/wp-json\/wp\/v2\/types\/post"}],"author":[{"embeddable":true,"href":"https:\/\/www.maisbn.com\/portal\/wp-json\/wp\/v2\/users\/7"}],"replies":[{"embeddable":true,"href":"https:\/\/www.maisbn.com\/portal\/wp-json\/wp\/v2\/comments?post=12005"}],"version-history":[{"count":1,"href":"https:\/\/www.maisbn.com\/portal\/wp-json\/wp\/v2\/posts\/12005\/revisions"}],"predecessor-version":[{"id":12012,"href":"https:\/\/www.maisbn.com\/portal\/wp-json\/wp\/v2\/posts\/12005\/revisions\/12012"}],"wp:featuredmedia":[{"embeddable":true,"href":"https:\/\/www.maisbn.com\/portal\/wp-json\/wp\/v2\/media\/12006"}],"wp:attachment":[{"href":"https:\/\/www.maisbn.com\/portal\/wp-json\/wp\/v2\/media?parent=12005"}],"wp:term":[{"taxonomy":"category","embeddable":true,"href":"https:\/\/www.maisbn.com\/portal\/wp-json\/wp\/v2\/categories?post=12005"},{"taxonomy":"post_tag","embeddable":true,"href":"https:\/\/www.maisbn.com\/portal\/wp-json\/wp\/v2\/tags?post=12005"}],"curies":[{"name":"wp","href":"https:\/\/api.w.org\/{rel}","templated":true}]}}