{"id":12002,"date":"2016-08-13T20:55:12","date_gmt":"2016-08-13T23:55:12","guid":{"rendered":"http:\/\/www.maisbn.com\/portal\/?p=12002"},"modified":"2016-08-13T20:55:12","modified_gmt":"2016-08-13T23:55:12","slug":"veracel-celulose-divulga-edital-para-contratacao-de-monitor-de-planejamento-florestal","status":"publish","type":"post","link":"https:\/\/www.maisbn.com\/portal\/2016\/08\/veracel-celulose-divulga-edital-para-contratacao-de-monitor-de-planejamento-florestal\/","title":{"rendered":"Veracel Celulose divulga edital para contrata\u00e7\u00e3o de monitor de planejamento florestal."},"content":{"rendered":"<p><a href=\"http:\/\/www.maisbn.com\/portal\/wp-content\/uploads\/2013\/05\/veracel_vagas.jpg\"><img loading=\"lazy\" decoding=\"async\" class=\"aligncenter size-full wp-image-3026\" src=\"http:\/\/www.maisbn.com\/portal\/wp-content\/uploads\/2013\/05\/veracel_vagas.jpg\" alt=\"veracel_vagas\" width=\"530\" height=\"380\" srcset=\"https:\/\/www.maisbn.com\/portal\/wp-content\/uploads\/2013\/05\/veracel_vagas.jpg 530w, https:\/\/www.maisbn.com\/portal\/wp-content\/uploads\/2013\/05\/veracel_vagas-488x350.jpg 488w, https:\/\/www.maisbn.com\/portal\/wp-content\/uploads\/2013\/05\/veracel_vagas-500x358.jpg 500w\" sizes=\"auto, (max-width: 530px) 100vw, 530px\" \/><\/a><\/p>\n<p><span style=\"color: #000000;\">Para se candidatar \u00e0 vaga , \u00e9 necess\u00e1rio possuir o ensino m\u00e9dio completo e viv\u00eancia em planejamento e invent\u00e1rio florestal. Tamb\u00e9m \u00e9 necess\u00e1rio possuir conhecimento em pacote Office (Word, Excel, PowerPoint e Outlook) e SAP.<\/span><\/p>\n<p><span style=\"color: #000000;\">Os interessados na vaga devem cadastrar curr\u00edculo at\u00e9 o dia <strong>20\/08\/2016<\/strong>, acessando o site <span style=\"color: #0000ff;\"><a style=\"color: #0000ff;\" href=\"http:\/\/www.veracel.com.br\" data-saferedirecturl=\"https:\/\/www.google.com\/url?hl=pt-BR&amp;q=http:\/\/www.veracel.com.br&amp;source=gmail&amp;ust=1471218022548000&amp;usg=AFQjCNG_bX6y95fIXZp6ZYsTj3SkZXiu4A\">www.veracel.com.br<\/a><\/span>. Localize a op\u00e7\u00e3o Trabalhe Conosco \u2013&gt; Clique em Conhe\u00e7a as nossas vagas \u2013 Clique no t\u00edtulo da vaga para ter acesso \u00e0s informa\u00e7\u00f5es detalhadas da vaga e como candidatar-se \u2013&gt; Depois, clique em Candidatura. A candidatura \u00e0 vaga s\u00f3 \u00e9 poss\u00edvel ap\u00f3s o cadastro das informa\u00e7\u00f5es no site.<\/span><\/p>\n<p><span style=\"color: #000000;\">Toda a comunica\u00e7\u00e3o com os candidatos ser\u00e1 realizada por meio do endere\u00e7o eletr\u00f4nico utilizado para cadastro do curr\u00edculo no site da Veracel.<\/span><\/p>\n","protected":false},"excerpt":{"rendered":"<p>Para se candidatar \u00e0 vaga , \u00e9 necess\u00e1rio possuir o ensino m\u00e9dio completo e viv\u00eancia em planejamento e invent\u00e1rio florestal. Tamb\u00e9m \u00e9 necess\u00e1rio possuir conhecimento em pacote Office (Word, Excel, PowerPoint e Outlook) e SAP. Os interessados na vaga devem cadastrar curr\u00edculo at\u00e9 o dia 20\/08\/2016, acessando o site www.veracel.com.br. Localize a op\u00e7\u00e3o Trabalhe Conosco [&hellip;]<\/p>\n","protected":false},"author":7,"featured_media":3026,"comment_status":"open","ping_status":"open","sticky":false,"template":"","format":"standard","meta":{"footnotes":""},"categories":[9,1],"tags":[108],"class_list":["post-12002","post","type-post","status-publish","format-standard","has-post-thumbnail","hentry","category-concursos-oportunidades","category-noticias","tag-belmonte"],"_links":{"self":[{"href":"https:\/\/www.maisbn.com\/portal\/wp-json\/wp\/v2\/posts\/12002","targetHints":{"allow":["GET"]}}],"collection":[{"href":"https:\/\/www.maisbn.com\/portal\/wp-json\/wp\/v2\/posts"}],"about":[{"href":"https:\/\/www.maisbn.com\/portal\/wp-json\/wp\/v2\/types\/post"}],"author":[{"embeddable":true,"href":"https:\/\/www.maisbn.com\/portal\/wp-json\/wp\/v2\/users\/7"}],"replies":[{"embeddable":true,"href":"https:\/\/www.maisbn.com\/portal\/wp-json\/wp\/v2\/comments?post=12002"}],"version-history":[{"count":1,"href":"https:\/\/www.maisbn.com\/portal\/wp-json\/wp\/v2\/posts\/12002\/revisions"}],"predecessor-version":[{"id":12003,"href":"https:\/\/www.maisbn.com\/portal\/wp-json\/wp\/v2\/posts\/12002\/revisions\/12003"}],"wp:featuredmedia":[{"embeddable":true,"href":"https:\/\/www.maisbn.com\/portal\/wp-json\/wp\/v2\/media\/3026"}],"wp:attachment":[{"href":"https:\/\/www.maisbn.com\/portal\/wp-json\/wp\/v2\/media?parent=12002"}],"wp:term":[{"taxonomy":"category","embeddable":true,"href":"https:\/\/www.maisbn.com\/portal\/wp-json\/wp\/v2\/categories?post=12002"},{"taxonomy":"post_tag","embeddable":true,"href":"https:\/\/www.maisbn.com\/portal\/wp-json\/wp\/v2\/tags?post=12002"}],"curies":[{"name":"wp","href":"https:\/\/api.w.org\/{rel}","templated":true}]}}