{"id":11999,"date":"2016-08-13T06:45:26","date_gmt":"2016-08-13T09:45:26","guid":{"rendered":"http:\/\/www.maisbn.com\/portal\/?p=11999"},"modified":"2016-08-13T20:49:18","modified_gmt":"2016-08-13T23:49:18","slug":"veracel-celulose-divulga-edital-para-contratacao-de-estagiario-de-nivel-superior","status":"publish","type":"post","link":"https:\/\/www.maisbn.com\/portal\/2016\/08\/veracel-celulose-divulga-edital-para-contratacao-de-estagiario-de-nivel-superior\/","title":{"rendered":"Veracel Celulose divulga edital para contrata\u00e7\u00e3o de estagi\u00e1rio de n\u00edvel superior."},"content":{"rendered":"<p><a href=\"http:\/\/www.maisbn.com\/portal\/wp-content\/uploads\/2015\/04\/1428417205Veracel.jpg\"><img loading=\"lazy\" decoding=\"async\" class=\"aligncenter size-full wp-image-7391\" src=\"http:\/\/www.maisbn.com\/portal\/wp-content\/uploads\/2015\/04\/1428417205Veracel.jpg\" alt=\"1428417205Veracel\" width=\"530\" height=\"397\" \/><\/a><\/p>\n<p><span style=\"color: #000000;\">Para se candidatar \u00e0 vaga , \u00e9 necess\u00e1rio estar cursando entre 2\u00ba e 4\u00ba semestre dos cursos de Administra\u00e7\u00e3o e Gest\u00e3o de Recursos Humanos. Tamb\u00e9m \u00e9 necess\u00e1rio possuir conhecimento em pacote Office (Word, Excel, PowerPoint e Outlook).<\/span><\/p>\n<p><span style=\"color: #000000;\">Os interessados na vaga devem cadastrar curr\u00edculo at\u00e9 o dia <strong>19\/08\/2016<\/strong>, acessando o site <span style=\"color: #0000ff;\"><a style=\"color: #0000ff;\" href=\"http:\/\/www.veracel.com.br\" data-saferedirecturl=\"https:\/\/www.google.com\/url?hl=pt-BR&amp;q=http:\/\/www.veracel.com.br&amp;source=gmail&amp;ust=1471218022767000&amp;usg=AFQjCNFb_1f7tr9ZMqedr8ZEds_EL0sS3w\">www.veracel.com.br<\/a><\/span>. Localize a op\u00e7\u00e3o Trabalhe Conosco \u2013&gt; Clique em Conhe\u00e7a as nossas vagas \u2013 Clique no t\u00edtulo da vaga para ter acesso \u00e0s informa\u00e7\u00f5es detalhadas e como candidatar-se \u2013 Depois, clique em Candidatura. A candidatura \u00e0 vaga s\u00f3 \u00e9 poss\u00edvel ap\u00f3s o cadastro das informa\u00e7\u00f5es no site.<\/span><\/p>\n<p><span style=\"color: #000000;\">Toda a comunica\u00e7\u00e3o com os candidatos ser\u00e1 realizada por meio do endere\u00e7o eletr\u00f4nico utilizado para cadastro do curr\u00edculo no site da Veracel.<\/span><\/p>\n","protected":false},"excerpt":{"rendered":"<p>Para se candidatar \u00e0 vaga , \u00e9 necess\u00e1rio estar cursando entre 2\u00ba e 4\u00ba semestre dos cursos de Administra\u00e7\u00e3o e Gest\u00e3o de Recursos Humanos. Tamb\u00e9m \u00e9 necess\u00e1rio possuir conhecimento em pacote Office (Word, Excel, PowerPoint e Outlook). Os interessados na vaga devem cadastrar curr\u00edculo at\u00e9 o dia 19\/08\/2016, acessando o site www.veracel.com.br. Localize a op\u00e7\u00e3o [&hellip;]<\/p>\n","protected":false},"author":7,"featured_media":7580,"comment_status":"open","ping_status":"open","sticky":false,"template":"","format":"standard","meta":{"footnotes":""},"categories":[9,1],"tags":[108],"class_list":["post-11999","post","type-post","status-publish","format-standard","has-post-thumbnail","hentry","category-concursos-oportunidades","category-noticias","tag-belmonte"],"_links":{"self":[{"href":"https:\/\/www.maisbn.com\/portal\/wp-json\/wp\/v2\/posts\/11999","targetHints":{"allow":["GET"]}}],"collection":[{"href":"https:\/\/www.maisbn.com\/portal\/wp-json\/wp\/v2\/posts"}],"about":[{"href":"https:\/\/www.maisbn.com\/portal\/wp-json\/wp\/v2\/types\/post"}],"author":[{"embeddable":true,"href":"https:\/\/www.maisbn.com\/portal\/wp-json\/wp\/v2\/users\/7"}],"replies":[{"embeddable":true,"href":"https:\/\/www.maisbn.com\/portal\/wp-json\/wp\/v2\/comments?post=11999"}],"version-history":[{"count":1,"href":"https:\/\/www.maisbn.com\/portal\/wp-json\/wp\/v2\/posts\/11999\/revisions"}],"predecessor-version":[{"id":12000,"href":"https:\/\/www.maisbn.com\/portal\/wp-json\/wp\/v2\/posts\/11999\/revisions\/12000"}],"wp:featuredmedia":[{"embeddable":true,"href":"https:\/\/www.maisbn.com\/portal\/wp-json\/wp\/v2\/media\/7580"}],"wp:attachment":[{"href":"https:\/\/www.maisbn.com\/portal\/wp-json\/wp\/v2\/media?parent=11999"}],"wp:term":[{"taxonomy":"category","embeddable":true,"href":"https:\/\/www.maisbn.com\/portal\/wp-json\/wp\/v2\/categories?post=11999"},{"taxonomy":"post_tag","embeddable":true,"href":"https:\/\/www.maisbn.com\/portal\/wp-json\/wp\/v2\/tags?post=11999"}],"curies":[{"name":"wp","href":"https:\/\/api.w.org\/{rel}","templated":true}]}}