{"id":11990,"date":"2016-08-13T07:05:46","date_gmt":"2016-08-13T10:05:46","guid":{"rendered":"http:\/\/www.maisbn.com\/portal\/?p=11990"},"modified":"2016-08-13T07:05:46","modified_gmt":"2016-08-13T10:05:46","slug":"alunos-do-polivalente-de-belmonte-participam-de-projetos-artisticos-da-sec-ba","status":"publish","type":"post","link":"https:\/\/www.maisbn.com\/portal\/2016\/08\/alunos-do-polivalente-de-belmonte-participam-de-projetos-artisticos-da-sec-ba\/","title":{"rendered":"Alunos do Polivalente de Belmonte participam de Projetos Art\u00edsticos da SEC-BA."},"content":{"rendered":"<p><span style=\"color: #000000;\">No \u00faltimo dia 04\/08 o Complexo Escolar Polivalente de Belmonte realizou mais uma edi\u00e7\u00e3o dos Projetos Art\u00edsticos da Secretaria de Educa\u00e7\u00e3o do Estado da Bahia. Durante o evento foram apresentadas obras de arte, m\u00fasicas, poesias e um v\u00eddeo. Todas as produ\u00e7\u00f5es foram de autoria dos alunos com orienta\u00e7\u00e3o dos seus professores.<\/span><\/p>\n<p><span style=\"color: #000000;\"><a style=\"color: #000000;\" href=\"http:\/\/www.maisbn.com\/portal\/wp-content\/uploads\/2016\/08\/polli00013.jpg\"><img loading=\"lazy\" decoding=\"async\" class=\"aligncenter size-full wp-image-11991\" src=\"http:\/\/www.maisbn.com\/portal\/wp-content\/uploads\/2016\/08\/polli00013.jpg\" alt=\"polli00013\" width=\"650\" height=\"412\" \/><\/a><\/span><\/p>\n<p><span style=\"color: #000000;\">O evento foi marcado pela participa\u00e7\u00e3o dos alunos, professores, funcion\u00e1rios e ex-alunos onde juntos mostraram a riqueza cultural presente em nossa cidade e enraizada no sangue das novas gera\u00e7\u00f5es.<\/span><\/p>\n<p><a href=\"http:\/\/www.maisbn.com\/portal\/wp-content\/uploads\/2016\/08\/polli00023.jpg\"><img loading=\"lazy\" decoding=\"async\" class=\"aligncenter size-full wp-image-11992\" src=\"http:\/\/www.maisbn.com\/portal\/wp-content\/uploads\/2016\/08\/polli00023.jpg\" alt=\"polli00023\" width=\"650\" height=\"412\" \/><\/a><\/p>\n<p><span style=\"color: #000000;\">O professor Alexandre, um dos incentivadores do projeto, comentou com nossa reportagem que o Polivalente de Belmonte tem participado com muito entusiasmo dos Projetos Estruturantes da Secretaria Estadual de Educa\u00e7\u00e3o da Bahia. Segundo ele, as a\u00e7\u00f5es constituem uma categoria composta por um conjunto de projetos que implementam as pol\u00edticas educacionais, a diversifica\u00e7\u00e3o e a inova\u00e7\u00e3o das pr\u00e1ticas curriculares tendo como consequ\u00eancia e foco principa que \u00e9 a melhoria das aprendizagens s\u00e3o eles: Artes Visuais Estudantis (AVE), Festival Anual de Can\u00e7\u00e3o Estudantil (FACE), Tempos de Artes Literais (TAL) e Produ\u00e7\u00e3o de V\u00eddeos Estudantis (PROVE). &#8220;Nossa escola levou os alunos Juan Carlos\u00a0 e Everson Vitor no ano passado para participarem das eliminat\u00f3rias em Eun\u00e1polis. Esperamos vencer todas as etapas e levar os alunos Igor Gabriel e L\u00e1zaro para representarem Belmonte e o Polivalente na grande final que ser\u00e1 realizada em Salvador.&#8221; &#8211; Comentou o Professor Alexandre.<\/span><\/p>\n","protected":false},"excerpt":{"rendered":"<p>No \u00faltimo dia 04\/08 o Complexo Escolar Polivalente de Belmonte realizou mais uma edi\u00e7\u00e3o dos Projetos Art\u00edsticos da Secretaria de Educa\u00e7\u00e3o do Estado da Bahia. Durante o evento foram apresentadas obras de arte, m\u00fasicas, poesias e um v\u00eddeo. Todas as produ\u00e7\u00f5es foram de autoria dos alunos com orienta\u00e7\u00e3o dos seus professores. O evento foi marcado [&hellip;]<\/p>\n","protected":false},"author":7,"featured_media":11992,"comment_status":"open","ping_status":"open","sticky":false,"template":"","format":"standard","meta":{"footnotes":""},"categories":[8,1],"tags":[108],"class_list":["post-11990","post","type-post","status-publish","format-standard","has-post-thumbnail","hentry","category-educacao","category-noticias","tag-belmonte"],"_links":{"self":[{"href":"https:\/\/www.maisbn.com\/portal\/wp-json\/wp\/v2\/posts\/11990","targetHints":{"allow":["GET"]}}],"collection":[{"href":"https:\/\/www.maisbn.com\/portal\/wp-json\/wp\/v2\/posts"}],"about":[{"href":"https:\/\/www.maisbn.com\/portal\/wp-json\/wp\/v2\/types\/post"}],"author":[{"embeddable":true,"href":"https:\/\/www.maisbn.com\/portal\/wp-json\/wp\/v2\/users\/7"}],"replies":[{"embeddable":true,"href":"https:\/\/www.maisbn.com\/portal\/wp-json\/wp\/v2\/comments?post=11990"}],"version-history":[{"count":1,"href":"https:\/\/www.maisbn.com\/portal\/wp-json\/wp\/v2\/posts\/11990\/revisions"}],"predecessor-version":[{"id":11993,"href":"https:\/\/www.maisbn.com\/portal\/wp-json\/wp\/v2\/posts\/11990\/revisions\/11993"}],"wp:featuredmedia":[{"embeddable":true,"href":"https:\/\/www.maisbn.com\/portal\/wp-json\/wp\/v2\/media\/11992"}],"wp:attachment":[{"href":"https:\/\/www.maisbn.com\/portal\/wp-json\/wp\/v2\/media?parent=11990"}],"wp:term":[{"taxonomy":"category","embeddable":true,"href":"https:\/\/www.maisbn.com\/portal\/wp-json\/wp\/v2\/categories?post=11990"},{"taxonomy":"post_tag","embeddable":true,"href":"https:\/\/www.maisbn.com\/portal\/wp-json\/wp\/v2\/tags?post=11990"}],"curies":[{"name":"wp","href":"https:\/\/api.w.org\/{rel}","templated":true}]}}