{"id":11981,"date":"2016-08-12T09:53:07","date_gmt":"2016-08-12T12:53:07","guid":{"rendered":"http:\/\/www.maisbn.com\/portal\/?p=11981"},"modified":"2016-08-12T09:56:12","modified_gmt":"2016-08-12T12:56:12","slug":"deputado-federal-claudio-cajado-prestigia-noite-da-prefeitura-na-novena-de-n-s-da-cabeca","status":"publish","type":"post","link":"https:\/\/www.maisbn.com\/portal\/2016\/08\/deputado-federal-claudio-cajado-prestigia-noite-da-prefeitura-na-novena-de-n-s-da-cabeca\/","title":{"rendered":"Deputado Federal Claudio Cajado prestigia noite da Prefeitura na Novena de N. S. da Cabe\u00e7a."},"content":{"rendered":"<p><span style=\"color: #000000;\">Aconteceu nessa quinta-feira (11\/08) a \u00faltima noite do Noven\u00e1rio em homenagem \u00e0 Nossa Senhora da Cabe\u00e7a, padroeira do Distrito de Barrol\u00e2ndia onde os homenageados foram a Prefeitura Municipal e Belmonte, estudantes, professores e funcion\u00e1rios p\u00fablicos.<\/span><\/p>\n<p><a href=\"http:\/\/www.maisbn.com\/portal\/wp-content\/uploads\/2016\/08\/noitedia1100015.jpg\"><img loading=\"lazy\" decoding=\"async\" class=\"aligncenter size-full wp-image-11982\" src=\"http:\/\/www.maisbn.com\/portal\/wp-content\/uploads\/2016\/08\/noitedia1100015.jpg\" alt=\"noitedia1100015\" width=\"650\" height=\"412\" \/><\/a><\/p>\n<p><span style=\"color: #000000;\">A missa foi celebrada pelo Padre Alessandro A. Colen e teve como convidadas as Par\u00f3quias de Nossa Senhora Auxiliadora e Santa Edwiges da cidade de Eun\u00e1polis.<\/span><\/p>\n<p><a href=\"http:\/\/www.maisbn.com\/portal\/wp-content\/uploads\/2016\/08\/noitedia1100024.jpg\"><img loading=\"lazy\" decoding=\"async\" class=\"aligncenter size-full wp-image-11983\" src=\"http:\/\/www.maisbn.com\/portal\/wp-content\/uploads\/2016\/08\/noitedia1100024.jpg\" alt=\"noitedia1100024\" width=\"650\" height=\"412\" \/><\/a><\/p>\n<p><span style=\"color: #000000;\">Durante a celebra\u00e7\u00e3o estiveram presentes a Prefeita Alice Britto, Albervan Nunes, o Deputado Federal Claudio Cajado, o Secret\u00e1rio Municipal\u00a0 de Educa\u00e7\u00e3o Claudio Theodoro, O Secret\u00e1rio Municipal de Infraestrutura Carlos Cruz e os vereadores Tiofin, Carlinhos da Col\u00f4nia, Idinho, Lilico e Edalvo Matos.<\/span><\/p>\n<p><a href=\"http:\/\/www.maisbn.com\/portal\/wp-content\/uploads\/2016\/08\/noitedia1100048.jpg\"><img loading=\"lazy\" decoding=\"async\" class=\"aligncenter size-full wp-image-11984\" src=\"http:\/\/www.maisbn.com\/portal\/wp-content\/uploads\/2016\/08\/noitedia1100048.jpg\" alt=\"noitedia1100048\" width=\"650\" height=\"412\" \/><\/a><\/p>\n<p><span style=\"color: #000000;\">Ao final o p\u00fablico presente cumprimentou e tirou fotos com a Prefeita Alice Britto e o Deputado Claudio Cajado e ainda contou com um forr\u00f3 e um bingo patrocinado pela Par\u00f3quia de Nossa Senhora da Cabe\u00e7a.<\/span><\/p>\n<p><a href=\"http:\/\/www.maisbn.com\/portal\/wp-content\/uploads\/2016\/08\/noitedia1100075.jpg\"><img loading=\"lazy\" decoding=\"async\" class=\"aligncenter size-full wp-image-11985\" src=\"http:\/\/www.maisbn.com\/portal\/wp-content\/uploads\/2016\/08\/noitedia1100075.jpg\" alt=\"noitedia1100075\" width=\"650\" height=\"412\" \/><\/a><\/p>\n<p><span style=\"color: #000000;\">Os festejos em homenagem \u00e0 Nossa Senhora da Cabe\u00e7a encerram nesta sexta-feira (12\/08) com uma alvorada, a tradicional Prociss\u00e3o pelas ruas da cidade finalizando \u00e0 noite com uma missa \u00e0s 19:00Hrs onde ter\u00e1 uma confraterniza\u00e7\u00e3o entre as fam\u00edlias, pastorais, movimentos, servi\u00e7os e Conselhos da Par\u00f3quia.<\/span><\/p>\n<p>&nbsp;<\/p>\n","protected":false},"excerpt":{"rendered":"<p>Aconteceu nessa quinta-feira (11\/08) a \u00faltima noite do Noven\u00e1rio em homenagem \u00e0 Nossa Senhora da Cabe\u00e7a, padroeira do Distrito de Barrol\u00e2ndia onde os homenageados foram a Prefeitura Municipal e Belmonte, estudantes, professores e funcion\u00e1rios p\u00fablicos. A missa foi celebrada pelo Padre Alessandro A. Colen e teve como convidadas as Par\u00f3quias de Nossa Senhora Auxiliadora e [&hellip;]<\/p>\n","protected":false},"author":7,"featured_media":11984,"comment_status":"open","ping_status":"open","sticky":false,"template":"","format":"standard","meta":{"footnotes":""},"categories":[1,98],"tags":[108],"class_list":["post-11981","post","type-post","status-publish","format-standard","has-post-thumbnail","hentry","category-noticias","category-religiao","tag-belmonte"],"_links":{"self":[{"href":"https:\/\/www.maisbn.com\/portal\/wp-json\/wp\/v2\/posts\/11981","targetHints":{"allow":["GET"]}}],"collection":[{"href":"https:\/\/www.maisbn.com\/portal\/wp-json\/wp\/v2\/posts"}],"about":[{"href":"https:\/\/www.maisbn.com\/portal\/wp-json\/wp\/v2\/types\/post"}],"author":[{"embeddable":true,"href":"https:\/\/www.maisbn.com\/portal\/wp-json\/wp\/v2\/users\/7"}],"replies":[{"embeddable":true,"href":"https:\/\/www.maisbn.com\/portal\/wp-json\/wp\/v2\/comments?post=11981"}],"version-history":[{"count":4,"href":"https:\/\/www.maisbn.com\/portal\/wp-json\/wp\/v2\/posts\/11981\/revisions"}],"predecessor-version":[{"id":11989,"href":"https:\/\/www.maisbn.com\/portal\/wp-json\/wp\/v2\/posts\/11981\/revisions\/11989"}],"wp:featuredmedia":[{"embeddable":true,"href":"https:\/\/www.maisbn.com\/portal\/wp-json\/wp\/v2\/media\/11984"}],"wp:attachment":[{"href":"https:\/\/www.maisbn.com\/portal\/wp-json\/wp\/v2\/media?parent=11981"}],"wp:term":[{"taxonomy":"category","embeddable":true,"href":"https:\/\/www.maisbn.com\/portal\/wp-json\/wp\/v2\/categories?post=11981"},{"taxonomy":"post_tag","embeddable":true,"href":"https:\/\/www.maisbn.com\/portal\/wp-json\/wp\/v2\/tags?post=11981"}],"curies":[{"name":"wp","href":"https:\/\/api.w.org\/{rel}","templated":true}]}}