{"id":11966,"date":"2016-08-11T18:23:50","date_gmt":"2016-08-11T21:23:50","guid":{"rendered":"http:\/\/www.maisbn.com\/portal\/?p=11966"},"modified":"2016-08-11T18:23:50","modified_gmt":"2016-08-11T21:23:50","slug":"reuniao-define-os-preparativos-para-a-1a-copa-belmonte-de-futebol-amador","status":"publish","type":"post","link":"https:\/\/www.maisbn.com\/portal\/2016\/08\/reuniao-define-os-preparativos-para-a-1a-copa-belmonte-de-futebol-amador\/","title":{"rendered":"Reuni\u00e3o define os preparativos para a 1\u00aa Copa Belmonte de Futebol Amador."},"content":{"rendered":"<p><span style=\"color: #000000;\">Aconteceu na noite desta quarta-feira (10\/08) a reuni\u00e3o que definiu os preparativos para a 1\u00aa Copa Belmonte de Futebol Amador onde estiveram presentes representantes da Secretaria Municipal de Esportes e diversas pessoas ligadas ao futebol belmontense.<\/span><\/p>\n<p><a href=\"http:\/\/www.maisbn.com\/portal\/wp-content\/uploads\/2016\/08\/copabelmonte00001.jpg\"><img loading=\"lazy\" decoding=\"async\" class=\"aligncenter size-full wp-image-11967\" src=\"http:\/\/www.maisbn.com\/portal\/wp-content\/uploads\/2016\/08\/copabelmonte00001.jpg\" alt=\"copabelmonte00001\" width=\"650\" height=\"412\" \/><\/a><\/p>\n<p><span style=\"color: #000000;\">Ficou definido durante as discuss\u00f5es que o palco do evento ser\u00e1 o Campo do Arranca T\u00f4co, no Bairro S\u00e3o Benedito onde se enfrentar\u00e3o 08 equipes formadas por atletas belmontenses. Ainda acontecer\u00e3o em paralelos torneios de futebol que contar\u00e3o com atletas de 10 a 12 anos e de 13 a 14 anos. &#8220;Nosso desejo era que esse evento fosse realizado j\u00e1 no Est\u00e1dio Orland\u00e3o 70, mas o mesmo ainda est\u00e1 sendo reformado para ser entregue novamente aos amantes do futebol belmontense. Mesmo com esse empecilho, o futebol de Belmonte n\u00e3o est\u00e1 parado e estamos investindo nas competi\u00e7\u00f5es de bairro e levando o esporte para as comunidades, fato que, est\u00e1 sendo bem aceito pelos moradores que est\u00e3o lotando os eventos esportivos para torcerem por seus times favoritos.&#8221; &#8211; Comentou Dilson Santos, Diretor de Esportes da Prefeitura de Belmonte.<\/span><\/p>\n<p><a href=\"http:\/\/www.maisbn.com\/portal\/wp-content\/uploads\/2016\/08\/copabelmonte00002.jpg\"><img loading=\"lazy\" decoding=\"async\" class=\"aligncenter size-full wp-image-11968\" src=\"http:\/\/www.maisbn.com\/portal\/wp-content\/uploads\/2016\/08\/copabelmonte00002.jpg\" alt=\"copabelmonte00002\" width=\"650\" height=\"412\" \/><\/a><\/p>\n<p><span style=\"color: #000000;\">A 1\u00aa Copa Belmonte de Futebol Amador contar\u00e1 com a organiza\u00e7\u00e3o de Bujega Eventos e apoio total da Prefeitura Municipal de Belmonte, atrav\u00e9s da Secretaria de Esportes, da Liga Desportiva de Belmonte (LDB) e do com\u00e9rcio local.<\/span><\/p>\n<p>&nbsp;<\/p>\n","protected":false},"excerpt":{"rendered":"<p>Aconteceu na noite desta quarta-feira (10\/08) a reuni\u00e3o que definiu os preparativos para a 1\u00aa Copa Belmonte de Futebol Amador onde estiveram presentes representantes da Secretaria Municipal de Esportes e diversas pessoas ligadas ao futebol belmontense. Ficou definido durante as discuss\u00f5es que o palco do evento ser\u00e1 o Campo do Arranca T\u00f4co, no Bairro S\u00e3o [&hellip;]<\/p>\n","protected":false},"author":7,"featured_media":11968,"comment_status":"open","ping_status":"open","sticky":false,"template":"","format":"standard","meta":{"footnotes":""},"categories":[10,1],"tags":[108],"class_list":["post-11966","post","type-post","status-publish","format-standard","has-post-thumbnail","hentry","category-esporte","category-noticias","tag-belmonte"],"_links":{"self":[{"href":"https:\/\/www.maisbn.com\/portal\/wp-json\/wp\/v2\/posts\/11966","targetHints":{"allow":["GET"]}}],"collection":[{"href":"https:\/\/www.maisbn.com\/portal\/wp-json\/wp\/v2\/posts"}],"about":[{"href":"https:\/\/www.maisbn.com\/portal\/wp-json\/wp\/v2\/types\/post"}],"author":[{"embeddable":true,"href":"https:\/\/www.maisbn.com\/portal\/wp-json\/wp\/v2\/users\/7"}],"replies":[{"embeddable":true,"href":"https:\/\/www.maisbn.com\/portal\/wp-json\/wp\/v2\/comments?post=11966"}],"version-history":[{"count":1,"href":"https:\/\/www.maisbn.com\/portal\/wp-json\/wp\/v2\/posts\/11966\/revisions"}],"predecessor-version":[{"id":11969,"href":"https:\/\/www.maisbn.com\/portal\/wp-json\/wp\/v2\/posts\/11966\/revisions\/11969"}],"wp:featuredmedia":[{"embeddable":true,"href":"https:\/\/www.maisbn.com\/portal\/wp-json\/wp\/v2\/media\/11968"}],"wp:attachment":[{"href":"https:\/\/www.maisbn.com\/portal\/wp-json\/wp\/v2\/media?parent=11966"}],"wp:term":[{"taxonomy":"category","embeddable":true,"href":"https:\/\/www.maisbn.com\/portal\/wp-json\/wp\/v2\/categories?post=11966"},{"taxonomy":"post_tag","embeddable":true,"href":"https:\/\/www.maisbn.com\/portal\/wp-json\/wp\/v2\/tags?post=11966"}],"curies":[{"name":"wp","href":"https:\/\/api.w.org\/{rel}","templated":true}]}}